{"id":1075,"date":"2021-09-15T11:55:06","date_gmt":"2021-09-15T15:55:06","guid":{"rendered":"https:\/\/lavozderd.com\/?p=1075"},"modified":"2021-09-15T11:55:09","modified_gmt":"2021-09-15T15:55:09","slug":"francisca-muestra-los-cambios-en-su-cuerpo-despues-de-dar-a-luz","status":"publish","type":"post","link":"https:\/\/lavozderd.com\/?p=1075","title":{"rendered":"Francisca muestra los cambios en su cuerpo despu\u00e9s de dar a luz."},"content":{"rendered":"\n<div class=\"wp-block-columns is-layout-flex wp-container-core-columns-is-layout-9d6595d7 wp-block-columns-is-layout-flex\">\n<div class=\"wp-block-column is-layout-flow wp-block-column-is-layout-flow\" style=\"flex-basis:700px\">\n<figure class=\"wp-block-image size-full is-resized\"><img loading=\"lazy\" decoding=\"async\" src=\"https:\/\/lavozderd.com\/wp-content\/uploads\/2021\/09\/Francisca-Lachapel.png\" alt=\"\" class=\"wp-image-1076\" width=\"700\" height=\"700\" \/><figcaption>Fransica Lachapel<\/figcaption><\/figure>\n<\/div>\n<\/div>\n\n\n\n<div class=\"wp-block-columns is-layout-flex wp-container-core-columns-is-layout-9d6595d7 wp-block-columns-is-layout-flex\">\n<div class=\"wp-block-column is-layout-flow wp-block-column-is-layout-flow\" style=\"flex-basis:700px\">\n<p>Despu\u00e9s de su embarazo la comunicadora dominicana Francisca confes\u00f3 que tuvo un aumento significativo de peso y muestra de eso es mostrando su cuerpo dejando en evidencia su aumento aumento de peso.<\/p>\n\n\n\n<p>La presentadora de Despierta Am\u00e9rica, desde el primer momento en que comunic\u00f3 su embarazo y posterior proceso tras dar a luz, Francisca se ha mostrado tal cual, sin filtros ni apariencias falsas.<\/p>\n\n\n\n<p>Como rese\u00f1a la revista People en espa\u00f1ol, su cuerpo, como el de todas las mujeres que se convierten en mam\u00e1s, sufri\u00f3 los cambios normales de este maravilloso estado. Poco despu\u00e9s de recibir a su pr\u00edncipe, la dominicana public\u00f3 una imagen al natural de c\u00f3mo se encontraba.<\/p>\n\n\n\n<p>Ahora, dos meses despu\u00e9s, ha sido su entrenador Yasmani quien ha compartido el duro trabajo de su alumna y los resultados son muy notables.<\/p>\n<\/div>\n<\/div>\n","protected":false},"excerpt":{"rendered":"<p>Despu\u00e9s de su embarazo la comunicadora dominicana Francisca confes\u00f3 que tuvo un aumento significativo de peso y muestra de eso es mostrando su cuerpo dejando en evidencia su aumento aumento&hellip; <\/p>\n","protected":false},"author":3,"featured_media":1076,"comment_status":"closed","ping_status":"closed","sticky":false,"template":"","format":"standard","meta":{"footnotes":""},"categories":[23,25],"tags":[],"class_list":["post-1075","post","type-post","status-publish","format-standard","has-post-thumbnail","hentry","category-arte","category-portada"],"_links":{"self":[{"href":"https:\/\/lavozderd.com\/index.php?rest_route=\/wp\/v2\/posts\/1075","targetHints":{"allow":["GET"]}}],"collection":[{"href":"https:\/\/lavozderd.com\/index.php?rest_route=\/wp\/v2\/posts"}],"about":[{"href":"https:\/\/lavozderd.com\/index.php?rest_route=\/wp\/v2\/types\/post"}],"author":[{"embeddable":true,"href":"https:\/\/lavozderd.com\/index.php?rest_route=\/wp\/v2\/users\/3"}],"replies":[{"embeddable":true,"href":"https:\/\/lavozderd.com\/index.php?rest_route=%2Fwp%2Fv2%2Fcomments&post=1075"}],"version-history":[{"count":1,"href":"https:\/\/lavozderd.com\/index.php?rest_route=\/wp\/v2\/posts\/1075\/revisions"}],"predecessor-version":[{"id":1077,"href":"https:\/\/lavozderd.com\/index.php?rest_route=\/wp\/v2\/posts\/1075\/revisions\/1077"}],"wp:featuredmedia":[{"embeddable":true,"href":"https:\/\/lavozderd.com\/index.php?rest_route=\/wp\/v2\/media\/1076"}],"wp:attachment":[{"href":"https:\/\/lavozderd.com\/index.php?rest_route=%2Fwp%2Fv2%2Fmedia&parent=1075"}],"wp:term":[{"taxonomy":"category","embeddable":true,"href":"https:\/\/lavozderd.com\/index.php?rest_route=%2Fwp%2Fv2%2Fcategories&post=1075"},{"taxonomy":"post_tag","embeddable":true,"href":"https:\/\/lavozderd.com\/index.php?rest_route=%2Fwp%2Fv2%2Ftags&post=1075"}],"curies":[{"name":"wp","href":"https:\/\/api.w.org\/{rel}","templated":true}]}}