{"id":2816,"date":"2021-10-18T16:35:17","date_gmt":"2021-10-18T20:35:17","guid":{"rendered":"https:\/\/lavozderd.com\/?p=2816"},"modified":"2021-10-18T18:37:56","modified_gmt":"2021-10-18T22:37:56","slug":"eduardo-alberto-then-asume-direccion-de-la-policia-nacional","status":"publish","type":"post","link":"https:\/\/lavozderd.com\/?p=2816","title":{"rendered":"Nuevo director PN advierte trabajar\u00e1 duro y reitera enfrentar\u00e1 delincuentes en terreno que elijan"},"content":{"rendered":"\n<div class=\"wp-block-columns is-layout-flex wp-container-core-columns-is-layout-9d6595d7 wp-block-columns-is-layout-flex\">\n<div class=\"wp-block-column is-layout-flow wp-block-column-is-layout-flow\" style=\"flex-basis:700px\">\n<figure class=\"wp-block-image size-large\"><img loading=\"lazy\" decoding=\"async\" width=\"1024\" height=\"612\" src=\"https:\/\/lavozderd.com\/wp-content\/uploads\/2021\/10\/General-Eduardo-Alberto-Then-e1595343667246-1024x612.jpg\" alt=\"\" class=\"wp-image-2817\" srcset=\"https:\/\/lavozderd.com\/wp-content\/uploads\/2021\/10\/General-Eduardo-Alberto-Then-e1595343667246-1024x612.jpg 1024w, https:\/\/lavozderd.com\/wp-content\/uploads\/2021\/10\/General-Eduardo-Alberto-Then-e1595343667246-300x179.jpg 300w, https:\/\/lavozderd.com\/wp-content\/uploads\/2021\/10\/General-Eduardo-Alberto-Then-e1595343667246-768x459.jpg 768w, https:\/\/lavozderd.com\/wp-content\/uploads\/2021\/10\/General-Eduardo-Alberto-Then-e1595343667246-1536x918.jpg 1536w, https:\/\/lavozderd.com\/wp-content\/uploads\/2021\/10\/General-Eduardo-Alberto-Then-e1595343667246.jpg 1600w\" sizes=\"auto, (max-width: 1024px) 100vw, 1024px\" \/><\/figure>\n<\/div>\n<\/div>\n\n\n\n<div class=\"wp-block-columns is-layout-flex wp-container-core-columns-is-layout-9d6595d7 wp-block-columns-is-layout-flex\">\n<div class=\"wp-block-column is-layout-flow wp-block-column-is-layout-flow\" style=\"flex-basis:700px\">\n<p>El mayor general Eduardo Alberto Then, nuevo director general de la Polic\u00eda Nacional, advirti\u00f3 &nbsp;que a partir de hoy comienza una nueva etapa en esa instituci\u00f3n en la que los delincuentes ser\u00e1n enfrentados en el terreno que elijan, siempre respetando la ley, y los agentes que violen la ley deber\u00e1n ser\u00e1n sancionados cumpliendo siempre las garant\u00edas del debido proceso.<\/p>\n\n\n\n<p>En su discurso de toma de posici\u00f3n, durante un acto encabezado por el ministro de Interior y Polic\u00eda y los principales mandos de la instituci\u00f3n del orden, asegur\u00f3 que desde ya trabajar\u00e1 duro en con el fin de garantizar los derecho, la paz, y el sosiego de todos los dominicanos.<\/p>\n\n\n\n<p>Sostuvo que pondr\u00e1 en ejecuci\u00f3n el esp\u00edritu de transformaci\u00f3n de la Polic\u00eda Nacional a trav\u00e9s de los recursos humanos que la conforman, como a su entender lo exigen los nuevos tiempos.<\/p>\n\n\n\n<p>Reiter\u00f3 que en el pa\u00eds habr\u00e1 un r\u00e9gimen de consecuencia, raz\u00f3n por la cual, los delincuentes se deber\u00e1n ir preparando porque \u00aba partir de este momento predominar\u00e1 la ley\u00bb.<\/p>\n\n\n\n<p>Prometi\u00f3 que &nbsp;junto \u00aba los hombres y mujeres de buena voluntad\u00bb, lograr\u00e1 el objetivo propuesto de conformar una polic\u00eda de proximidad con el ciudadano, pero tambi\u00e9n para que se respeten los derechos de las autoridades policiales.<\/p>\n\n\n\n<p>Indic\u00f3 que trabajar\u00e1n con las autoridades judiciales correspondientes, y no habr\u00e1 polic\u00edas comprometidos con particulares, sino que trabajar\u00e1n por la misi\u00f3n de proteger vida y propiedades p\u00fablicas.<\/p>\n\n\n\n<p>En tanto que el ministro Jes\u00fas V\u00e1squez Mart\u00ednez (Chu), de Interior y Polic\u00eda, se refiri\u00f3 a la implementaci\u00f3n de un nuevo modelo policial, con acercamiento al ciudadano y que est\u00e9n debidamente entrenado en el abordaje a las&nbsp; personas y el uso de la fuerza.<\/p>\n\n\n\n<p>Indic\u00f3 que el presidente Luis Abinader ha dado muestra de transparencia y tolerancia cero a la corrupci\u00f3n, raz\u00f3n por la cual se deber\u00e1 fortalecer el r\u00e9gimen de consecuencia a quienes se aparten de la \u00e9tica y de la ley en la Polic\u00eda Nacional.<\/p>\n\n\n\n<div class=\"wp-block-columns is-layout-flex wp-container-core-columns-is-layout-9d6595d7 wp-block-columns-is-layout-flex\">\n<div class=\"wp-block-column is-layout-flow wp-block-column-is-layout-flow\" style=\"flex-basis:700px\">\n<figure class=\"wp-block-image size-full\"><img loading=\"lazy\" decoding=\"async\" width=\"443\" height=\"440\" src=\"https:\/\/lavozderd.com\/wp-content\/uploads\/2021\/10\/Documento-PN1.png\" alt=\"\" class=\"wp-image-2823\" srcset=\"https:\/\/lavozderd.com\/wp-content\/uploads\/2021\/10\/Documento-PN1.png 443w, https:\/\/lavozderd.com\/wp-content\/uploads\/2021\/10\/Documento-PN1-300x298.png 300w, https:\/\/lavozderd.com\/wp-content\/uploads\/2021\/10\/Documento-PN1-150x150.png 150w\" sizes=\"auto, (max-width: 443px) 100vw, 443px\" \/><\/figure>\n<\/div>\n<\/div>\n<\/div>\n<\/div>\n","protected":false},"excerpt":{"rendered":"<p>El mayor general Eduardo Alberto Then, nuevo director general de la Polic\u00eda Nacional, advirti\u00f3 &nbsp;que a partir de hoy comienza una nueva etapa en esa instituci\u00f3n en la que los&hellip; <\/p>\n","protected":false},"author":3,"featured_media":2817,"comment_status":"closed","ping_status":"closed","sticky":false,"template":"","format":"standard","meta":{"footnotes":""},"categories":[12],"tags":[],"class_list":["post-2816","post","type-post","status-publish","format-standard","has-post-thumbnail","hentry","category-actualidad"],"_links":{"self":[{"href":"https:\/\/lavozderd.com\/index.php?rest_route=\/wp\/v2\/posts\/2816","targetHints":{"allow":["GET"]}}],"collection":[{"href":"https:\/\/lavozderd.com\/index.php?rest_route=\/wp\/v2\/posts"}],"about":[{"href":"https:\/\/lavozderd.com\/index.php?rest_route=\/wp\/v2\/types\/post"}],"author":[{"embeddable":true,"href":"https:\/\/lavozderd.com\/index.php?rest_route=\/wp\/v2\/users\/3"}],"replies":[{"embeddable":true,"href":"https:\/\/lavozderd.com\/index.php?rest_route=%2Fwp%2Fv2%2Fcomments&post=2816"}],"version-history":[{"count":4,"href":"https:\/\/lavozderd.com\/index.php?rest_route=\/wp\/v2\/posts\/2816\/revisions"}],"predecessor-version":[{"id":2824,"href":"https:\/\/lavozderd.com\/index.php?rest_route=\/wp\/v2\/posts\/2816\/revisions\/2824"}],"wp:featuredmedia":[{"embeddable":true,"href":"https:\/\/lavozderd.com\/index.php?rest_route=\/wp\/v2\/media\/2817"}],"wp:attachment":[{"href":"https:\/\/lavozderd.com\/index.php?rest_route=%2Fwp%2Fv2%2Fmedia&parent=2816"}],"wp:term":[{"taxonomy":"category","embeddable":true,"href":"https:\/\/lavozderd.com\/index.php?rest_route=%2Fwp%2Fv2%2Fcategories&post=2816"},{"taxonomy":"post_tag","embeddable":true,"href":"https:\/\/lavozderd.com\/index.php?rest_route=%2Fwp%2Fv2%2Ftags&post=2816"}],"curies":[{"name":"wp","href":"https:\/\/api.w.org\/{rel}","templated":true}]}}