{"id":2825,"date":"2021-10-19T08:05:00","date_gmt":"2021-10-19T12:05:00","guid":{"rendered":"https:\/\/lavozderd.com\/?p=2825"},"modified":"2021-10-18T18:45:52","modified_gmt":"2021-10-18T22:45:52","slug":"el-presidente-abinader-viajara-este-miercoles-a-panama","status":"publish","type":"post","link":"https:\/\/lavozderd.com\/?p=2825","title":{"rendered":"El Presidente Abinader viajar\u00e1 este mi\u00e9rcoles a Panam\u00e1"},"content":{"rendered":"\n<div class=\"wp-block-columns is-layout-flex wp-container-core-columns-is-layout-9d6595d7 wp-block-columns-is-layout-flex\">\n<div class=\"wp-block-column is-layout-flow wp-block-column-is-layout-flow\" style=\"flex-basis:700px\">\n<figure class=\"wp-block-image size-large is-resized\"><img decoding=\"async\" src=\"https:\/\/lavozderd.com\/wp-content\/uploads\/2021\/10\/Abinader-Viaje-1024x576.jpeg\" alt=\"\" class=\"wp-image-2826\" width=\"700\" srcset=\"https:\/\/lavozderd.com\/wp-content\/uploads\/2021\/10\/Abinader-Viaje-1024x576.jpeg 1024w, https:\/\/lavozderd.com\/wp-content\/uploads\/2021\/10\/Abinader-Viaje-300x169.jpeg 300w, https:\/\/lavozderd.com\/wp-content\/uploads\/2021\/10\/Abinader-Viaje-768x432.jpeg 768w, https:\/\/lavozderd.com\/wp-content\/uploads\/2021\/10\/Abinader-Viaje.jpeg 1300w\" sizes=\"(max-width: 1024px) 100vw, 1024px\" \/><\/figure>\n<\/div>\n<\/div>\n\n\n\n<div class=\"wp-block-columns is-layout-flex wp-container-core-columns-is-layout-9d6595d7 wp-block-columns-is-layout-flex\">\n<div class=\"wp-block-column is-layout-flow wp-block-column-is-layout-flow\" style=\"flex-basis:700px\">\n<p>El presidente Luis Abinader, viajar\u00e1 este mi\u00e9rcoles a Panam\u00e1 donde sostendr\u00e1 un encuentro con sus hom\u00f3logos paname\u00f1o, Laurentino Cortizo Cohen y de Costa Rica, Carlos Alvarado Quezada.<\/p>\n\n\n\n<p>El mandatario tiene previsto salir hacia Panam\u00e1, en horas de la ma\u00f1ana, en vuelo comercial, por el Aeropuerto Internacional de las Am\u00e9ricas (AILA) y regresa al pa\u00eds ese mismo d\u00eda en la tarde, seg\u00fan un comunicado del Palacio.<\/p>\n\n\n\n<p>Explica la informaci\u00f3n, que este encuentro permitir\u00e1 a los mandatarios dominicano y centroamericanos, dar continuidad a las conversaciones sostenidas en reuniones bilaterales realizadas en el marco de la Asamblea General de las Naciones Unidas el pasado mes en Nueva York.<\/p>\n\n\n\n<p>Detalla que adem\u00e1s, que los gobernantes abordar\u00e1n temas regionales, aduanales, migratorios, comerciales y de cooperaci\u00f3n mutua.<\/p>\n\n\n\n<p>El presidente Abinader ejerce el liderazgo de los pa\u00edses iberoamericanos en vista de que Rep\u00fablica Dominicana ocupa la secretar\u00eda general pro t\u00e9mpore de la Conferencia Iberoamericana que agrupa a 23 naciones.<\/p>\n\n\n\n<p><br>Para este viaje del mandatario, la delegaci\u00f3n que le acompa\u00f1ar\u00e1 la integran, los ministros de Relaciones Exteriores, Roberto \u00c1lvarez; Administrativo de la Presidencia, Jos\u00e9 Ignacio Paliza; el jefe del Cuerpo de Seguridad Presidencial, mayor general Celin Rubio; el jefe de Gabinete, Eilyn Beltr\u00e1n; su asistente personal, Mercedes Castillo y su director de Prensa, Daniel Garc\u00eda Archibald.<\/p>\n<\/div>\n<\/div>\n","protected":false},"excerpt":{"rendered":"<p>El presidente Luis Abinader, viajar\u00e1 este mi\u00e9rcoles a Panam\u00e1 donde sostendr\u00e1 un encuentro con sus hom\u00f3logos paname\u00f1o, Laurentino Cortizo Cohen y de Costa Rica, Carlos Alvarado Quezada. El mandatario tiene&hellip; <\/p>\n","protected":false},"author":3,"featured_media":2826,"comment_status":"closed","ping_status":"closed","sticky":false,"template":"","format":"standard","meta":{"footnotes":""},"categories":[18,25],"tags":[],"class_list":["post-2825","post","type-post","status-publish","format-standard","has-post-thumbnail","hentry","category-noticias","category-portada"],"_links":{"self":[{"href":"https:\/\/lavozderd.com\/index.php?rest_route=\/wp\/v2\/posts\/2825","targetHints":{"allow":["GET"]}}],"collection":[{"href":"https:\/\/lavozderd.com\/index.php?rest_route=\/wp\/v2\/posts"}],"about":[{"href":"https:\/\/lavozderd.com\/index.php?rest_route=\/wp\/v2\/types\/post"}],"author":[{"embeddable":true,"href":"https:\/\/lavozderd.com\/index.php?rest_route=\/wp\/v2\/users\/3"}],"replies":[{"embeddable":true,"href":"https:\/\/lavozderd.com\/index.php?rest_route=%2Fwp%2Fv2%2Fcomments&post=2825"}],"version-history":[{"count":1,"href":"https:\/\/lavozderd.com\/index.php?rest_route=\/wp\/v2\/posts\/2825\/revisions"}],"predecessor-version":[{"id":2827,"href":"https:\/\/lavozderd.com\/index.php?rest_route=\/wp\/v2\/posts\/2825\/revisions\/2827"}],"wp:featuredmedia":[{"embeddable":true,"href":"https:\/\/lavozderd.com\/index.php?rest_route=\/wp\/v2\/media\/2826"}],"wp:attachment":[{"href":"https:\/\/lavozderd.com\/index.php?rest_route=%2Fwp%2Fv2%2Fmedia&parent=2825"}],"wp:term":[{"taxonomy":"category","embeddable":true,"href":"https:\/\/lavozderd.com\/index.php?rest_route=%2Fwp%2Fv2%2Fcategories&post=2825"},{"taxonomy":"post_tag","embeddable":true,"href":"https:\/\/lavozderd.com\/index.php?rest_route=%2Fwp%2Fv2%2Ftags&post=2825"}],"curies":[{"name":"wp","href":"https:\/\/api.w.org\/{rel}","templated":true}]}}