{"id":3312,"date":"2021-10-26T15:03:18","date_gmt":"2021-10-26T19:03:18","guid":{"rendered":"https:\/\/lavozderd.com\/?p=3312"},"modified":"2021-10-26T15:03:24","modified_gmt":"2021-10-26T19:03:24","slug":"joseph-tavarez-deja-tristeza-entre-colegas-y-seguidores","status":"publish","type":"post","link":"https:\/\/lavozderd.com\/?p=3312","title":{"rendered":"Joseph Tav\u00e1rez deja tristeza entre colegas y seguidores"},"content":{"rendered":"\n<div class=\"wp-block-columns is-layout-flex wp-container-core-columns-is-layout-8f761849 wp-block-columns-is-layout-flex\">\n<div class=\"wp-block-column is-layout-flow wp-block-column-is-layout-flow\" style=\"flex-basis:700px\">\n<figure class=\"wp-block-image size-full is-resized\"><img decoding=\"async\" src=\"https:\/\/lavozderd.com\/wp-content\/uploads\/2021\/10\/Joseph-Tavarez.png\" alt=\"\" class=\"wp-image-3313\" width=\"700\" srcset=\"https:\/\/lavozderd.com\/wp-content\/uploads\/2021\/10\/Joseph-Tavarez.png 940w, https:\/\/lavozderd.com\/wp-content\/uploads\/2021\/10\/Joseph-Tavarez-300x251.png 300w, https:\/\/lavozderd.com\/wp-content\/uploads\/2021\/10\/Joseph-Tavarez-768x644.png 768w\" sizes=\"(max-width: 940px) 100vw, 940px\" \/><\/figure>\n<\/div>\n<\/div>\n\n\n\n<div class=\"wp-block-columns is-layout-flex wp-container-core-columns-is-layout-8f761849 wp-block-columns-is-layout-flex\">\n<div class=\"wp-block-column is-layout-flow wp-block-column-is-layout-flow\" style=\"flex-basis:700px\">\n<p class=\"wp-block-paragraph\">El veterano locutor y periodista falleci\u00f3 a los 55 a\u00f1os a consecuencia de un infarto en Santiago de los Caballeros.<\/p>\n\n\n\n<p class=\"wp-block-paragraph\">La repentina muerte de Joseph Tav\u00e1rez sorprendi\u00f3 este martes a colegas y seguidores que se volcaron en expresar su sentir de tristeza en las redes sociales y conversaciones de grupos.<\/p>\n\n\n\n<p class=\"wp-block-paragraph\">\u00abYo lamento mucho la muerte de mi amigo Joseph Tavarez, tuvimos decenas de discusiones y siempre terminaba en admiraci\u00f3n de ambas partes y consejos. La \u00faltima vez que nos juntamos fue en Marisco Centro en Santiago y siempre me dec\u00eda: &#8211; no lo cojas personal, esto es far\u00e1ndula\u00bb, record\u00f3 este martes su colega Franny Genao.<\/p>\n\n\n\n<p class=\"wp-block-paragraph\">Julissa Alba escribi\u00f3 en Twitter que \u00abla radio dominicana est\u00e1 de luto, hoy se apag\u00f3 la voz de nuestro querido Joseph Tav\u00e1rez. Que triste es saber de su inesperada partida, siempre lo recordar\u00e9, como en los 80\u2019s cuando nos encontr\u00e1bamos en Radio Azul, bien vestido, amable, amigo de todos sus compa\u00f1eros del medio\u00bb.<\/p>\n\n\n\n<p class=\"wp-block-paragraph\">El comunicador Jos\u00e9 Guti\u00e9rrez inform\u00f3 que la muerte se produjo en el Centro M\u00e9dico Cibao mientras recib\u00eda atenciones m\u00e9dicas desde la noche del lunes y donde se le practicar\u00eda un cateterismo, luego de sufrir molestias en los \u00faltimos d\u00edas.<\/p>\n\n\n\n<p class=\"wp-block-paragraph\">El usuario de Twiter Denissekim escribi\u00f3: \u00abMe siento triste porque un amigo de mami que amaba a mis hijos cuando iba a la emisora, era loco con ellos. Una foto de recuerdo cuando le hizo de sorpresa el cumple de mami. Que Dios te tenga en la gloria Joseph, gracias por compartir mucho en mi familia Coraz\u00f3n roto\u00bb.<\/p>\n\n\n\n<p class=\"wp-block-paragraph\">En cambio, Luis C\u00f3rdova record\u00f3 que \u00abpr\u00e1cticamente en el momento fundacional de TeleUniverso, Canal 29, Joseph Tavarez y Nelly Mirabal convirtieron el horario meridiano en un toque de queda con \u00abArte x Arte\u00bb, espacio que propici\u00f3 lo mejor de la cr\u00f3nica del espect\u00e1culo\u00bb.<\/p>\n\n\n\n<p class=\"wp-block-paragraph\">Tav\u00e1rez fue locutor desde mediados del siglo XX y su \u00e1rea laboral se concentr\u00f3 en la regi\u00f3n Norte, sobre todo en Santiago de los Caballeros, donde muri\u00f3 este martes.<\/p>\n\n\n\n<p class=\"wp-block-paragraph\">Jos\u00e9 Agust\u00edn Tav\u00e1rez Gil, su nombre real, se conoci\u00f3 en Santiago como locutor o comentarista en las emisoras Radio Azul, KV 94, Comando 88 y Monumental FM.<\/p>\n\n\n\n<p class=\"wp-block-paragraph\">Entre los programas radiales y televisivos en los que particip\u00f3 figuran \u201cLos Due\u00f1os del Mediod\u00eda\u201d, \u201cPa\u00b4lante con el pueblo\u201d, \u00abTv Can\u00bb, \u00abArte x arte\u00bb, \u00abMusi Can\u00bb, \u00abSabadazo con el Pach\u00e1\u00bb y \u00abP\u00e9gate y gana con el Pach\u00e1\u00bb.<\/p>\n\n\n\n<p class=\"wp-block-paragraph\">Adem\u00e1s era director de los portales \u201cLarevistadigital.net\u201d y \u201cControldiamante.com\u201d.<\/p>\n\n\n\n<p class=\"wp-block-paragraph\">V\u00ecctor L\u00f3pez lo despidi\u00f3 en las redes sociales: \u00abVe en paz amigo Joseph Tavarez superestrella, hiciste de lo imposible lo posible tu gran proyecto de Control Diamante\u00bb.<\/p>\n\n\n\n<p class=\"wp-block-paragraph\">Yonatan Dominguez lo describi\u00f3 como \u00abuna excelente persona muy humilde y bien preparado en el \u00e1mbito profesional\u00bb.<\/p>\n<\/div>\n<\/div>\n","protected":false},"excerpt":{"rendered":"<p>El veterano locutor y periodista falleci\u00f3 a los 55 a\u00f1os a consecuencia de un infarto en Santiago de los Caballeros. La repentina muerte de Joseph Tav\u00e1rez sorprendi\u00f3 este martes a&hellip; <\/p>\n","protected":false},"author":3,"featured_media":3313,"comment_status":"closed","ping_status":"closed","sticky":false,"template":"","format":"standard","meta":{"footnotes":""},"categories":[18],"tags":[],"class_list":["post-3312","post","type-post","status-publish","format-standard","has-post-thumbnail","hentry","category-noticias"],"_links":{"self":[{"href":"https:\/\/lavozderd.com\/index.php?rest_route=\/wp\/v2\/posts\/3312","targetHints":{"allow":["GET"]}}],"collection":[{"href":"https:\/\/lavozderd.com\/index.php?rest_route=\/wp\/v2\/posts"}],"about":[{"href":"https:\/\/lavozderd.com\/index.php?rest_route=\/wp\/v2\/types\/post"}],"author":[{"embeddable":true,"href":"https:\/\/lavozderd.com\/index.php?rest_route=\/wp\/v2\/users\/3"}],"replies":[{"embeddable":true,"href":"https:\/\/lavozderd.com\/index.php?rest_route=%2Fwp%2Fv2%2Fcomments&post=3312"}],"version-history":[{"count":1,"href":"https:\/\/lavozderd.com\/index.php?rest_route=\/wp\/v2\/posts\/3312\/revisions"}],"predecessor-version":[{"id":3314,"href":"https:\/\/lavozderd.com\/index.php?rest_route=\/wp\/v2\/posts\/3312\/revisions\/3314"}],"wp:featuredmedia":[{"embeddable":true,"href":"https:\/\/lavozderd.com\/index.php?rest_route=\/wp\/v2\/media\/3313"}],"wp:attachment":[{"href":"https:\/\/lavozderd.com\/index.php?rest_route=%2Fwp%2Fv2%2Fmedia&parent=3312"}],"wp:term":[{"taxonomy":"category","embeddable":true,"href":"https:\/\/lavozderd.com\/index.php?rest_route=%2Fwp%2Fv2%2Fcategories&post=3312"},{"taxonomy":"post_tag","embeddable":true,"href":"https:\/\/lavozderd.com\/index.php?rest_route=%2Fwp%2Fv2%2Ftags&post=3312"}],"curies":[{"name":"wp","href":"https:\/\/api.w.org\/{rel}","templated":true}]}}