{"id":3315,"date":"2021-10-26T16:05:28","date_gmt":"2021-10-26T20:05:28","guid":{"rendered":"https:\/\/lavozderd.com\/?p=3315"},"modified":"2021-10-26T16:05:31","modified_gmt":"2021-10-26T20:05:31","slug":"el-49-de-personas-que-vive-con-vih-en-el-pais-no-recibe-tratamiento-antirretroviral","status":"publish","type":"post","link":"https:\/\/lavozderd.com\/?p=3315","title":{"rendered":"El 49% de personas que vive con VIH en el pa\u00eds no recibe tratamiento antirretroviral"},"content":{"rendered":"\n<div class=\"wp-block-columns is-layout-flex wp-container-core-columns-is-layout-8f761849 wp-block-columns-is-layout-flex\">\n<div class=\"wp-block-column is-layout-flow wp-block-column-is-layout-flow\" style=\"flex-basis:700px\">\n<figure class=\"wp-block-image size-full is-resized\"><img decoding=\"async\" src=\"https:\/\/lavozderd.com\/wp-content\/uploads\/2021\/10\/tratamiento-antirretroviral.jpg\" alt=\"\" class=\"wp-image-3316\" width=\"700\" srcset=\"https:\/\/lavozderd.com\/wp-content\/uploads\/2021\/10\/tratamiento-antirretroviral.jpg 332w, https:\/\/lavozderd.com\/wp-content\/uploads\/2021\/10\/tratamiento-antirretroviral-289x300.jpg 289w\" sizes=\"(max-width: 332px) 100vw, 332px\" \/><\/figure>\n<\/div>\n<\/div>\n\n\n\n<div class=\"wp-block-columns is-layout-flex wp-container-core-columns-is-layout-8f761849 wp-block-columns-is-layout-flex\">\n<div class=\"wp-block-column is-layout-flow wp-block-column-is-layout-flow\" style=\"flex-basis:700px\">\n<p class=\"wp-block-paragraph\">De las casi 75,000 personas que padecen el Virus de Inmunodeficiencia Humano (VIH) en el pa\u00eds, s\u00f3lo el 51% recib\u00eda tratamiento de antirretrovirales a finales del a\u00f1o pasado para combatir la enfermedad.<\/p>\n\n\n\n<p class=\"wp-block-paragraph\">Esto se traduce en que 38,270 personas est\u00e1n siendo sometidas a tratamiento activo, lo que a grandes rasgos significa una brecha del 30% para alcanzar la meta de cobertura nacional establecida para el 2020.<\/p>\n\n\n\n<p class=\"wp-block-paragraph\">Estos datos fueron arrojados por el Informe narrativo monitoreo global del Sida (GAM) 2021, presentado la ma\u00f1ana de este martes por el Consejo Nacional para el VIH y el sida (Conavihsida) y el Programa Conjunto de las Naciones Unidas sobre el VIH\/sida (Onusida).<\/p>\n\n\n\n<p class=\"wp-block-paragraph\">El documento analiz\u00f3 cu\u00e1l ha sido el alcance de Rep\u00fablica Dominicana con respecto a los 10 compromisos asumidos a nivel internacional para erradicar el sida, a trav\u00e9s de la Declaraci\u00f3n Pol\u00edtica del 2016.<\/p>\n\n\n\n<p class=\"wp-block-paragraph\">De igual manera, el informe destac\u00f3 que todav\u00eda existen \u201cbrechas importantes\u201d en el logro del objetivo de que el 90% de las personas que viven con VIH reciban terapia antirretroviral.<\/p>\n\n\n\n<p class=\"wp-block-paragraph\">La desigualdad tambi\u00e9n se evidencia en diferentes sectores, ya que mientras la poblaci\u00f3n general tiene una cobertura del 51%, las trabajadoras sexuales reciben s\u00f3lo el 31%; las personas transg\u00e9nero un 14%; migrantes haitianos un 17% y los hombres homosexuales un 32%.<\/p>\n\n\n\n<p class=\"wp-block-paragraph\">El director ejecutivo del Conavihsida, Rafael Enr\u00edquez Gonz\u00e1lez, explic\u00f3 que \u201cnos quedamos en la mitad\u201d de la meta por ciertas \u201cvariables\u201d que fueron sancionadas por el comit\u00e9 nacional de seguimiento a Ungass, sin embargo no dio detalles.<\/p>\n\n\n\n<p class=\"wp-block-paragraph\">\u201cNos quedamos en la mitad, d\u00edgamos un 51% alcanzamos en este rengl\u00f3n. Hay que tomar en cuenta que muchas variables a discutir en ese comit\u00e9 influyen en ese nivel de alcance de la meta, variables que no vamos a discutir aqu\u00ed, que s\u00ed fueron sancionadas en el comit\u00e9 de seguimiento a Ungass\u201d, dijo.<\/p>\n\n\n\n<p class=\"wp-block-paragraph\">A\u00f1adi\u00f3 que tambi\u00e9n la pandemia del Covid-19 y sus repercusiones en el sistema sanitario nacional afectaron el cumplimiento del objetivo, faltando cerca de 22,000 personas por acceder al tratamiento ARV.<\/p>\n\n\n\n<p class=\"wp-block-paragraph\">Por otro lado, Yordana Dolores, asesora de Informaci\u00f3n Estrat\u00e9gica de ONUSIDA, recalc\u00f3 que el pa\u00eds no logr\u00f3 el 75% necesario para cortar la cadena de transmisi\u00f3n de la enfermedad, y llam\u00f3 a aunar esfuerzos para eliminar el VIH como problema de salud p\u00fablica.<\/p>\n\n\n\n<p class=\"wp-block-paragraph\">Carga viral indetectable<\/p>\n\n\n\n<p class=\"wp-block-paragraph\">El pa\u00eds tambi\u00e9n se qued\u00f3 corto en materia de carga viral suprimida, ya que s\u00f3lo el 49% de las personas que viven con VIH tienen una carga viral indetectable, del 90% que se hab\u00eda propuesto cumplir.<\/p>\n\n\n\n<p class=\"wp-block-paragraph\">Del total de personas cuyo tratamiento ha suprimido su carga del virus, 12,329 son mujeres; 11,069 son hombres y 281 son ni\u00f1os menores de 15 a\u00f1os.<\/p>\n\n\n\n<p class=\"wp-block-paragraph\">Este n\u00famero supone un avance con respecto al 2019, en el que se arroj\u00f3 un resultado del 39%. No obstante, todav\u00eda no se alcanzan los niveles \u201cdeseados\u201d.<\/p>\n\n\n\n<p class=\"wp-block-paragraph\">Desigualdad y discriminaci\u00f3n<\/p>\n\n\n\n<p class=\"wp-block-paragraph\">El informe arroj\u00f3 que para el 2018 el 46.7% de trabajadoras sexuales evit\u00f3 buscar atenci\u00f3n m\u00e9dica debido al estigma y discriminaci\u00f3n, producto de su estado real o percibido del VIH.<\/p>\n\n\n\n<p class=\"wp-block-paragraph\">Por esta raz\u00f3n tambi\u00e9n se cohibieron de buscar atenci\u00f3n m\u00e9dica el 65.1% de las personas transg\u00e9nero del pa\u00eds y el 1.2% de los hombres que sostienen relaciones sexuales con otros hombres.<\/p>\n\n\n\n<p class=\"wp-block-paragraph\">El estudio recomienda priorizar fondos dentro de la respuesta nacional para desarrollar estrategias de eliminaci\u00f3n de formas de marginaci\u00f3n social.<\/p>\n\n\n\n<p class=\"wp-block-paragraph\">Sida infantil<\/p>\n\n\n\n<p class=\"wp-block-paragraph\">El porcentaje de infecciones en ni\u00f1os es de 17.34%, lo que indica que no se est\u00e1n cumpliendo en totalidad las medidas para la prevenci\u00f3n de la transmisi\u00f3n materno-infantil del VIH.<\/p>\n\n\n\n<p class=\"wp-block-paragraph\">Hubo un aumento significativo de contagio con respecto al 2018, cuando la tasa de contagio se situaba en 10.74%.<\/p>\n\n\n\n<p class=\"wp-block-paragraph\">No obstante, el 73.66% de las embarazadas con VIH recibieron medicamentos antiretrovirales. Todav\u00eda permanece una brecha del 26.34% para que se erradique la transmisi\u00f3n vertical.<\/p>\n\n\n\n<p class=\"wp-block-paragraph\">\u201cNo podemos hablar que somos un pa\u00eds que ha eliminado la infecci\u00f3n vertical\u201d, resalt\u00f3 Dolores.<\/p>\n<\/div>\n<\/div>\n","protected":false},"excerpt":{"rendered":"<p>De las casi 75,000 personas que padecen el Virus de Inmunodeficiencia Humano (VIH) en el pa\u00eds, s\u00f3lo el 51% recib\u00eda tratamiento de antirretrovirales a finales del a\u00f1o pasado para combatir&hellip; <\/p>\n","protected":false},"author":3,"featured_media":3316,"comment_status":"closed","ping_status":"closed","sticky":false,"template":"","format":"standard","meta":{"footnotes":""},"categories":[22],"tags":[],"class_list":["post-3315","post","type-post","status-publish","format-standard","has-post-thumbnail","hentry","category-salud"],"_links":{"self":[{"href":"https:\/\/lavozderd.com\/index.php?rest_route=\/wp\/v2\/posts\/3315","targetHints":{"allow":["GET"]}}],"collection":[{"href":"https:\/\/lavozderd.com\/index.php?rest_route=\/wp\/v2\/posts"}],"about":[{"href":"https:\/\/lavozderd.com\/index.php?rest_route=\/wp\/v2\/types\/post"}],"author":[{"embeddable":true,"href":"https:\/\/lavozderd.com\/index.php?rest_route=\/wp\/v2\/users\/3"}],"replies":[{"embeddable":true,"href":"https:\/\/lavozderd.com\/index.php?rest_route=%2Fwp%2Fv2%2Fcomments&post=3315"}],"version-history":[{"count":1,"href":"https:\/\/lavozderd.com\/index.php?rest_route=\/wp\/v2\/posts\/3315\/revisions"}],"predecessor-version":[{"id":3317,"href":"https:\/\/lavozderd.com\/index.php?rest_route=\/wp\/v2\/posts\/3315\/revisions\/3317"}],"wp:featuredmedia":[{"embeddable":true,"href":"https:\/\/lavozderd.com\/index.php?rest_route=\/wp\/v2\/media\/3316"}],"wp:attachment":[{"href":"https:\/\/lavozderd.com\/index.php?rest_route=%2Fwp%2Fv2%2Fmedia&parent=3315"}],"wp:term":[{"taxonomy":"category","embeddable":true,"href":"https:\/\/lavozderd.com\/index.php?rest_route=%2Fwp%2Fv2%2Fcategories&post=3315"},{"taxonomy":"post_tag","embeddable":true,"href":"https:\/\/lavozderd.com\/index.php?rest_route=%2Fwp%2Fv2%2Ftags&post=3315"}],"curies":[{"name":"wp","href":"https:\/\/api.w.org\/{rel}","templated":true}]}}