{"id":3424,"date":"2021-10-28T08:42:52","date_gmt":"2021-10-28T12:42:52","guid":{"rendered":"https:\/\/lavozderd.com\/?p=3424"},"modified":"2021-10-28T08:42:56","modified_gmt":"2021-10-28T12:42:56","slug":"espaillat-convoca-manifestacion-este-domingo-en-plaza-del-alto-manhattan-en-rechazo-a-xenofobia-contra-dominicanos","status":"publish","type":"post","link":"https:\/\/lavozderd.com\/?p=3424","title":{"rendered":"Espaillat convoca manifestaci\u00f3n este domingo en plaza del Alto Manhattan en rechazo a xenofobia contra dominicanos"},"content":{"rendered":"\n<p class=\"wp-block-paragraph\"><strong>Miguel Cruz Tejada<\/strong><\/p>\n\n\n\n<div class=\"wp-block-columns is-layout-flex wp-container-core-columns-is-layout-8f761849 wp-block-columns-is-layout-flex\">\n<div class=\"wp-block-column is-layout-flow wp-block-column-is-layout-flow\" style=\"flex-basis:700px\">\n<figure class=\"wp-block-image size-large is-resized\"><img decoding=\"async\" src=\"https:\/\/lavozderd.com\/wp-content\/uploads\/2021\/10\/Espaillat-convoca-manifestacion-este-domingo-1024x734.jpg\" alt=\"\" class=\"wp-image-3425\" width=\"700\" srcset=\"https:\/\/lavozderd.com\/wp-content\/uploads\/2021\/10\/Espaillat-convoca-manifestacion-este-domingo-1024x734.jpg 1024w, https:\/\/lavozderd.com\/wp-content\/uploads\/2021\/10\/Espaillat-convoca-manifestacion-este-domingo-300x215.jpg 300w, https:\/\/lavozderd.com\/wp-content\/uploads\/2021\/10\/Espaillat-convoca-manifestacion-este-domingo-768x550.jpg 768w, https:\/\/lavozderd.com\/wp-content\/uploads\/2021\/10\/Espaillat-convoca-manifestacion-este-domingo.jpg 1280w\" sizes=\"(max-width: 1024px) 100vw, 1024px\" \/><\/figure>\n\n\n\n<div class=\"wp-block-columns is-layout-flex wp-container-core-columns-is-layout-8f761849 wp-block-columns-is-layout-flex\">\n<div class=\"wp-block-column is-layout-flow wp-block-column-is-layout-flow\" style=\"flex-basis:700px\">\n<p class=\"wp-block-paragraph\">NUEVA YORK._ El congresista Adriano Espaillat est\u00e1 convocando a una manifestaci\u00f3n este domingo 31 de octubre a las 3:00 de la tarde en la Plaza Las Am\u00e9ricas situada en la calle 175 entre avenidas Broadway y Wadsworth, contigua al teatro United Palace en el Alto Manhattan, en rechazo a la campa\u00f1a viciosa y xenof\u00f3bica que se lleva a cabo contra la comunidad dominicanidad, sus l\u00edderes y comunicadores m\u00e1s representativos.<\/p>\n\n\n\n<p class=\"wp-block-paragraph\">La convocatoria de Espaillat se origin\u00f3 despu\u00e9s de una entrevista por tel\u00e9fono el martes en la noche con este reportero en la que rechaz\u00f3 tambi\u00e9n un reportaje del peri\u00f3dico angl\u00f3fono \u201cThe City\u201d en el que se cuestionan los vi\u00e1ticos que paga a medios dominicanos para cubrir sus actividades y conferencias de prensa, que no es una retribuci\u00f3n permanente sino a destajo.<\/p>\n\n\n\n<p class=\"wp-block-paragraph\">El escrito, firmado por la periodista puertorrique\u00f1a Claudia Irizarry Aponte desconocida en la comunidad latina, afirma falsamente que los supuestos \u201cpagos\u201d de Espaillat son para que los comunicadores m\u00e1s influencers de la di\u00e1spora dominicana \u2013 Miguel Cruz Tejada, Jos\u00e9 Zabala y Ram\u00f3n Mercedes -, publiquen notas de alabanzas y exaltaci\u00f3n a las \u201cjuergas\u201d de Espaillat.<\/p>\n\n\n\n<p class=\"wp-block-paragraph\">\u201c\u201cTodo esto est\u00e1 pasando despu\u00e9s que seis muchachos nuestros aspiraron al Concejo Municipal\u201d, dijo Espaillat refiri\u00e9ndose a los candidatos a concejales, Oswald Feliz y Pierina S\u00e1nchez en El Bronx y Carmen de la Rosa y Shaun Abreu en el Alto Manhattan.<\/p>\n\n\n\n<p class=\"wp-block-paragraph\">\u201cConsidero que hay un ataque contra los dominicanos y contra los emigrantes por gentes que son de la ciudad de Nueva York. Se hace un reportaje de esas dos cosas: cuando surgen seis aspirantes a concejales nuestros porque los est\u00e1n atacando a ellos, los est\u00e1n arrastrando\u201d, agreg\u00f3 el congresista.<\/p>\n\n\n\n<p class=\"wp-block-paragraph\">\u201cA m\u00ed no me importa que me metan mano a m\u00ed, pero ellos son nuevos, no se han juramentado ni est\u00e1n ejerciendo todav\u00eda. No podemos permitir eso\u201d, sostuvo Espaillat.<\/p>\n\n\n\n<p class=\"wp-block-paragraph\">\u201cCreo que nosotros tenemos que movilizar alg\u00fan tipo de respuesta, pero rechazo rotundamente los ataques que son viciosos y premeditados por el avance de nuestra comunidad de la que ahora van seis j\u00f3venes dominicanos al Concejo Municipal, tenemos un congresista, un concejal que sale pero que va a ser parte principal en la nueva administraci\u00f3n\u201d, explic\u00f3.<\/p>\n\n\n\n<p class=\"wp-block-paragraph\">\u201cPero nada m\u00e1s no es a nosotros, es a ustedes tambi\u00e9n que los est\u00e1n atacando, es un momento de ataque de la comunidad tradicional de Nueva York en contra de una comunidad emergente como la nuestra, definitivamente\u201d, puntualiz\u00f3 el congresista.<\/p>\n\n\n\n<p class=\"wp-block-paragraph\">Adelant\u00f3 que inmediatamente se public\u00f3 el reportaje de ataque comenz\u00f3 a recibir docenas de llamadas de apoyo hasta de oponentes que ven las cosas como son.<\/p>\n\n\n\n<p class=\"wp-block-paragraph\">\u201cEn el reportaje no dice que hemos hecho algo ilegal ni que hemos cometido ning\u00fan delito, que no hay ninguna ley que proh\u00edba eso y a\u00fan as\u00ed, nos tiran\u201d, precis\u00f3 Espaillat.<\/p>\n\n\n\n<p class=\"wp-block-paragraph\">Dijo que este domingo el liderazgo debe movilizarse como comunidad para dar una respuesta contra una actitud que existe, generalizada y en contra de los dominicanos.<\/p>\n\n\n\n<p class=\"wp-block-paragraph\">El congresista dijo que como parte de la campa\u00f1a se ataca tambi\u00e9n al concejal Ydanis Rodr\u00edguez de quien el candidato republicano a la alcald\u00eda Curtis Sliwa asegur\u00f3 en el debate con Eric Adams el martes, que no es ciudadano americano y ejerce como concejal con una tarjeta verde (Green Card) de residente en los Estados Unidos.<\/p>\n\n\n\n<p class=\"wp-block-paragraph\">El concejal aclar\u00f3 que se naturaliz\u00f3 norteamericano en el a\u00f1o 2000.<\/p>\n\n\n\n<p class=\"wp-block-paragraph\">\u00abLos actos de xenofobia contra la comunidad dominicana y sus l\u00edderes est\u00e1n aumentando en la ciudad de Nueva York, y es simplemente inaceptable\u00bb, dijo Espaillat en su cuenta twitter el martes en la noche. \u00abDesde los ataques a Ydanis llam\u00e1ndolo indocumentado, llamando a los miembros de nuestros medios de comunicaci\u00f3n corruptos y diciendo que no merecemos llamar a nuestro vecindario Peque\u00f1a Rep\u00fablica Dominicana y Quisqueya Heights, todas estas son manifestaciones de ello y deben terminar\u00bb, a\u00f1adi\u00f3 el congresista.<\/p>\n\n\n\n<p class=\"wp-block-paragraph\">Espaillat tambi\u00e9n menciona el debate en curso sobre la resoluci\u00f3n anterior del congresista de cambiar el nombre de Inwood, Washington Heights y Hamilton Heights a Quisqueya Heights, que es uno de los nombres en lengua ta\u00edna para la Rep\u00fablica Dominicana.<\/p>\n\n\n\n<p class=\"wp-block-paragraph\">\u201cEstamos unidos y no seremos fracturados por ataques racistas como estos\u201d, exclam\u00f3 Espaillat. \u201cSimplemente no lo aceptaremos y no nos quedaremos en silencio\u201d.<\/p>\n<\/div>\n<\/div>\n<\/div>\n<\/div>\n","protected":false},"excerpt":{"rendered":"<p>Miguel Cruz Tejada NUEVA YORK._ El congresista Adriano Espaillat est\u00e1 convocando a una manifestaci\u00f3n este domingo 31 de octubre a las 3:00 de la tarde en la Plaza Las Am\u00e9ricas&hellip; <\/p>\n","protected":false},"author":3,"featured_media":3425,"comment_status":"closed","ping_status":"closed","sticky":false,"template":"","format":"standard","meta":{"footnotes":""},"categories":[20],"tags":[],"class_list":["post-3424","post","type-post","status-publish","format-standard","has-post-thumbnail","hentry","category-internacionales"],"_links":{"self":[{"href":"https:\/\/lavozderd.com\/index.php?rest_route=\/wp\/v2\/posts\/3424","targetHints":{"allow":["GET"]}}],"collection":[{"href":"https:\/\/lavozderd.com\/index.php?rest_route=\/wp\/v2\/posts"}],"about":[{"href":"https:\/\/lavozderd.com\/index.php?rest_route=\/wp\/v2\/types\/post"}],"author":[{"embeddable":true,"href":"https:\/\/lavozderd.com\/index.php?rest_route=\/wp\/v2\/users\/3"}],"replies":[{"embeddable":true,"href":"https:\/\/lavozderd.com\/index.php?rest_route=%2Fwp%2Fv2%2Fcomments&post=3424"}],"version-history":[{"count":1,"href":"https:\/\/lavozderd.com\/index.php?rest_route=\/wp\/v2\/posts\/3424\/revisions"}],"predecessor-version":[{"id":3426,"href":"https:\/\/lavozderd.com\/index.php?rest_route=\/wp\/v2\/posts\/3424\/revisions\/3426"}],"wp:featuredmedia":[{"embeddable":true,"href":"https:\/\/lavozderd.com\/index.php?rest_route=\/wp\/v2\/media\/3425"}],"wp:attachment":[{"href":"https:\/\/lavozderd.com\/index.php?rest_route=%2Fwp%2Fv2%2Fmedia&parent=3424"}],"wp:term":[{"taxonomy":"category","embeddable":true,"href":"https:\/\/lavozderd.com\/index.php?rest_route=%2Fwp%2Fv2%2Fcategories&post=3424"},{"taxonomy":"post_tag","embeddable":true,"href":"https:\/\/lavozderd.com\/index.php?rest_route=%2Fwp%2Fv2%2Ftags&post=3424"}],"curies":[{"name":"wp","href":"https:\/\/api.w.org\/{rel}","templated":true}]}}