{"id":3428,"date":"2021-10-28T08:50:31","date_gmt":"2021-10-28T12:50:31","guid":{"rendered":"https:\/\/lavozderd.com\/?p=3428"},"modified":"2021-10-28T08:50:34","modified_gmt":"2021-10-28T12:50:34","slug":"el-presidente-luis-abinader-afirmo-anoche-que-no-sometera-ninguna-reforma-tributaria","status":"publish","type":"post","link":"https:\/\/lavozderd.com\/?p=3428","title":{"rendered":"El presidente Luis Abina\u00adder afirm\u00f3 anoche que no someter\u00e1 ninguna refor\u00adma tributaria"},"content":{"rendered":"\n<div class=\"wp-block-columns is-layout-flex wp-container-core-columns-is-layout-9d6595d7 wp-block-columns-is-layout-flex\">\n<div class=\"wp-block-column is-layout-flow wp-block-column-is-layout-flow\" style=\"flex-basis:700px\">\n<figure class=\"wp-block-image size-full is-resized\"><img decoding=\"async\" src=\"https:\/\/lavozderd.com\/wp-content\/uploads\/2021\/10\/Luis-Abinader-dice-no-aumentaran-impuestos.webp\" alt=\"\" class=\"wp-image-3416\" width=\"700\" srcset=\"https:\/\/lavozderd.com\/wp-content\/uploads\/2021\/10\/Luis-Abinader-dice-no-aumentaran-impuestos.webp 680w, https:\/\/lavozderd.com\/wp-content\/uploads\/2021\/10\/Luis-Abinader-dice-no-aumentaran-impuestos-300x169.webp 300w\" sizes=\"(max-width: 680px) 100vw, 680px\" \/><\/figure>\n\n\n\n<div class=\"wp-block-columns is-layout-flex wp-container-core-columns-is-layout-9d6595d7 wp-block-columns-is-layout-flex\">\n<div class=\"wp-block-column is-layout-flow wp-block-column-is-layout-flow\" style=\"flex-basis:700px\">\n<div class=\"wp-block-columns is-layout-flex wp-container-core-columns-is-layout-9d6595d7 wp-block-columns-is-layout-flex\">\n<div class=\"wp-block-column is-layout-flow wp-block-column-is-layout-flow\" style=\"flex-basis:700px\">\n<p>En una elocuci\u00f3n por radio, televisi\u00f3n y medios digitales el presidente Luis Abina\u00adder afirm\u00f3 anoche que no someter\u00e1 ninguna refor\u00adma tributaria como se ha\u00adb\u00eda contemplado, y que tampoco va a aumentar im\u00adpuestos, debido a que su \u00fanica prioridad ser\u00e1 conso\u00adlidar la recuperaci\u00f3n eco\u00adn\u00f3mica y estar cerca de la gente<\/p>\n\n\n\n<p>En la transici\u00f3n en vivo por la Voz de RD dijo que \u201cLa \u00fanica reforma que va\u00admos a emprender ahora es continuar apost\u00e1ndole al crecimiento y la inversi\u00f3n, para que los beneficios lle\u00adguen a todos los dominica\u00adnos\u201d, dijo el mandatario en un discurso al pa\u00eds a trav\u00e9s de una cadena de medios comunicaci\u00f3n.<\/p>\n<\/div>\n<\/div>\n\n\n\n<p>Abinader advirti\u00f3 que que su gobierno es firme y que no temer\u00e1 remar con\u00adtracorriente si sabe que va en la derecci\u00f3n adecuada, como la propuesta de una tercera dosis de la vacuna contra el Covid-19, que en su d\u00eda result\u00f3 pol\u00e9mica y que hoy se ha demostrado exitosa.<\/p>\n\n\n\n<p>\u201cTambi\u00e9n escuchamos a nuesro pueblo y somos conscientes de que hoy, con un aumento exponencial de los precios internaciona\u00adles del petr\u00f3leo, de los pro\u00adductos de alimentaci\u00f3n b\u00e1si\u00adcos o de las materias primas para fertilizantes, con el im\u00adpacto que eso tiene en las econom\u00edas dom\u00e9sticas no es momento de pedir a los do\u00adminicanos m\u00e1s esfuerzos\u201d, asegur\u00f3 el jefe de Estado.<\/p>\n\n\n\n<p>Situaci\u00f3n compleja<br>Abinader explic\u00f3 que cuan\u00addo lleg\u00f3 al gobierno hace al\u00adgo m\u00e1s de un a\u00f1o, encontr\u00f3 una situaci\u00f3n muy compleja. \u201cLas grandes reformas que nuestro pa\u00eds necesitaba y la dif\u00edcil coyuntura que el mun\u00addo atravesaba hicieron que nuestro trabajo se centrara en superar la emergencia sin da\u00f1ar ni comprometer el fu\u00adturo\u201d, dijo.<\/p>\n\n\n\n<p>Abinader expres\u00f3 que la pandemia del Covid-19 ha\u00adb\u00eda impactado no solo en la salud y forma de vida, sino en la econom\u00eda afectando el empleo, la actividad y los ci\u00admientos de la propia estruc\u00adtura productiva del pa\u00eds.<\/p>\n\n\n\n<p>\u201cNuestro pa\u00eds y el mundo viv\u00edan una crisis econ\u00f3mi\u00adca de enrome magnitud que hemos debido enfrentar con pol\u00edticas valientes y con vi\u00adsi\u00f3n a largo plazo\u201d, reflexio\u00adn\u00f3 el mandatario.<\/p>\n\n\n\n<p>Sin embargo, Abinader ase\u00adgur\u00f3 que hoy la situaci\u00f3n est\u00e1 mejorando claramen\u00adte, que la vacunaci\u00f3n es de las mejores del mundo y que la letalidad es de las m\u00e1s bajas.<\/p>\n\n\n\n<p>\u201cAdem\u00e1s, nuestra econo\u00adm\u00eda experimenta uno de los mayores crecimientos a ni\u00advel internacional y el nivel de empleos precovid ya se ha recuperado\u201d, dijo.<\/p>\n\n\n\n<p>Precis\u00f3 que desde el prin\u00adcipio su gobierno se com\u00adprometi\u00f3 de manera ab\u00adsoluta con la calidad del gasto, el manejo prudente y transparente de los fondos p\u00fablicos y la recuperaci\u00f3n de los bienes sustra\u00eddos del patrimonio del Estado. \u201cLos fondos p\u00fablicos son de todos los dominicanos. y yo me he comprometido ante ustedes a administarlos correctamen\u00adte y a defenderlos con u\u00f1as y dientes, combatiendo el des\u00adpilfarro y luchando contra quienes quieran echarles en\u00adcima las garras de la corrup\u00adci\u00f3n\u201d, agreg\u00f3.<\/p>\n\n\n\n<p>Abinader dijo que durante estos d\u00edas se ha vuelto a \u00edr ha\u00adblar mucho de impuestos, pe\u00adro poco se ha dicho de la otra cara de la moneda de la pol\u00ed\u00adtica fiscal, los gastos, donde el gobierno est\u00e1 centrando sus esfuerzos.<\/p>\n\n\n\n<p>Asegur\u00f3 que entre enero y septiembre de 2021 el go\u00adbierno disminuy\u00f3 los gas\u00adtos un 255% con respecto al mismo per\u00edodo del a\u00f1o ante\u00adrior, en todas las partidas que afectan directamente el bien\u00adestar de los dominicanos, consiguiendo un ahorro de m\u00e1s de RD$27,000 millones.<\/p>\n\n\n\n<p>Entre los m\u00e1s significati\u00advas cit\u00f3 el gasto de publici\u00addad y propaganda, las par\u00adtidas de uso discrecional, dietas de alimentos y bebi\u00addas y vi\u00e1ticos a personas con labor diplom\u00e1tica y consular. Adem\u00e1s compra de muebles y equipos de oficinas guber\u00adnamentales, materiales pere\u00adcederos.<\/p>\n\n\n\n<p>Abinader cit\u00f3 adem\u00e1s las reducciones de estructuras y la eliminaci\u00f3n y fusi\u00f3n de en\u00adtidades, como el despacho de la Primera Dama, Procomu\u00adnidad, Oficina de Ingenie\u00adros Supervisores de Obras del Estado (Oisoe), Conse\u00adjo Estatal del Az\u00facar (CEA), Corporaci\u00f3n Dominicana de Empresas El\u00e9tricas Estatales (Cdeee), Fondo Patrimonial de las Empresas Reforma\u00addas (Fonper), y la fusi\u00f3n de la Direcci\u00f3n de Informaci\u00f3n, An\u00e1lisis y Programaci\u00f3n Es\u00adtrat\u00e9gica de la Presidencial (Diape) y la Direcci\u00f3n Gene\u00adral de Comunicaciones (Di\u00adcom), entre otras.<\/p>\n\n\n\n<p>Se\u00f1al\u00f3 que tambi\u00e9n enti\u00addades como Promese adqui\u00adrieron m\u00e1s medicamentos y los Comedores Econ\u00f3micos y el Plan Social aumetaron un 30% las raciones y ayudas con el mismo presupuesto, mientras la Refiner\u00eda Domi\u00adnicana de Petr\u00f3leo y el Ban\u00adco de Reservas han obtenido m\u00e1s beneficios.<\/p>\n\n\n\n<p>\u201cNo se trata de gastar m\u00e1s, hay que gastar mejor. Solo en lo necesario. So\u00adlo en lo que mejore la cali\u00addad de vida de los domini\u00adcanos. Y por eso cada peso del presupuesto p\u00fablico tie\u00adne puesta ahora la lupa del Presidente\u201d, declar\u00f3.<\/p>\n\n\n\n<p>Abinader record\u00f3 que el pa\u00eds lleva mucho tiempo debatiendo la necesidad de una reforma fiscal, y durante a\u00f1os se han au\u00admentado impuestos, a los que se llam\u00f3 \u201cpar\u00adches ributarios\u201d.<\/p>\n\n\n\n<p>Dijo que en 2005 se es\u00adtableci\u00f3 un impuesto so\u00adbre hidrocarburos del 13% y en 2006 se incre\u00adment\u00f3 al 16%; tambi\u00e9n se aumento el ITBIS del 12 al 16%, y en 2011 se elev\u00f3 el impuesto de la Renta hasta el 27%; en 2012 el ITBIS pas\u00f3 del 16% al 18%, graban\u00addo el aceite comestible, az\u00facar, cacao y caf\u00e9.<\/p>\n<\/div>\n<\/div>\n<\/div>\n<\/div>\n","protected":false},"excerpt":{"rendered":"<p>En una elocuci\u00f3n por radio, televisi\u00f3n y medios digitales el presidente Luis Abina\u00adder afirm\u00f3 anoche que no someter\u00e1 ninguna refor\u00adma tributaria como se ha\u00adb\u00eda contemplado, y que tampoco va a&hellip; <\/p>\n","protected":false},"author":3,"featured_media":3416,"comment_status":"closed","ping_status":"closed","sticky":false,"template":"","format":"standard","meta":{"footnotes":""},"categories":[12,25],"tags":[],"class_list":["post-3428","post","type-post","status-publish","format-standard","has-post-thumbnail","hentry","category-actualidad","category-portada"],"_links":{"self":[{"href":"https:\/\/lavozderd.com\/index.php?rest_route=\/wp\/v2\/posts\/3428","targetHints":{"allow":["GET"]}}],"collection":[{"href":"https:\/\/lavozderd.com\/index.php?rest_route=\/wp\/v2\/posts"}],"about":[{"href":"https:\/\/lavozderd.com\/index.php?rest_route=\/wp\/v2\/types\/post"}],"author":[{"embeddable":true,"href":"https:\/\/lavozderd.com\/index.php?rest_route=\/wp\/v2\/users\/3"}],"replies":[{"embeddable":true,"href":"https:\/\/lavozderd.com\/index.php?rest_route=%2Fwp%2Fv2%2Fcomments&post=3428"}],"version-history":[{"count":1,"href":"https:\/\/lavozderd.com\/index.php?rest_route=\/wp\/v2\/posts\/3428\/revisions"}],"predecessor-version":[{"id":3429,"href":"https:\/\/lavozderd.com\/index.php?rest_route=\/wp\/v2\/posts\/3428\/revisions\/3429"}],"wp:featuredmedia":[{"embeddable":true,"href":"https:\/\/lavozderd.com\/index.php?rest_route=\/wp\/v2\/media\/3416"}],"wp:attachment":[{"href":"https:\/\/lavozderd.com\/index.php?rest_route=%2Fwp%2Fv2%2Fmedia&parent=3428"}],"wp:term":[{"taxonomy":"category","embeddable":true,"href":"https:\/\/lavozderd.com\/index.php?rest_route=%2Fwp%2Fv2%2Fcategories&post=3428"},{"taxonomy":"post_tag","embeddable":true,"href":"https:\/\/lavozderd.com\/index.php?rest_route=%2Fwp%2Fv2%2Ftags&post=3428"}],"curies":[{"name":"wp","href":"https:\/\/api.w.org\/{rel}","templated":true}]}}