{"id":3578,"date":"2021-10-29T17:37:23","date_gmt":"2021-10-29T21:37:23","guid":{"rendered":"https:\/\/lavozderd.com\/?p=3578"},"modified":"2021-10-29T17:37:26","modified_gmt":"2021-10-29T21:37:26","slug":"ante-inseguridad-prohiben-paso-de-dominicanos-a-haiti-por-dajabon","status":"publish","type":"post","link":"https:\/\/lavozderd.com\/?p=3578","title":{"rendered":"Ante inseguridad proh\u00edben paso de dominicanos a Hait\u00ed por Dajab\u00f3n"},"content":{"rendered":"\n<div class=\"wp-block-columns is-layout-flex wp-container-core-columns-is-layout-8f761849 wp-block-columns-is-layout-flex\">\n<div class=\"wp-block-column is-layout-flow wp-block-column-is-layout-flow\" style=\"flex-basis:700px\">\n<figure class=\"wp-block-image size-full is-resized\"><img decoding=\"async\" src=\"https:\/\/lavozderd.com\/wp-content\/uploads\/2021\/10\/frontera-dajabon.jpg\" alt=\"\" class=\"wp-image-3579\" width=\"700\" srcset=\"https:\/\/lavozderd.com\/wp-content\/uploads\/2021\/10\/frontera-dajabon.jpg 703w, https:\/\/lavozderd.com\/wp-content\/uploads\/2021\/10\/frontera-dajabon-300x183.jpg 300w\" sizes=\"(max-width: 703px) 100vw, 703px\" \/><\/figure>\n\n\n\n<div class=\"wp-block-columns is-layout-flex wp-container-core-columns-is-layout-8f761849 wp-block-columns-is-layout-flex\">\n<div class=\"wp-block-column is-layout-flow wp-block-column-is-layout-flow\" style=\"flex-basis:700px\">\n<p class=\"wp-block-paragraph\">Decenas de dominicanos que intentaron entrar este viernes a Hait\u00ed por la provincia Dajab\u00f3n denunciaron que les fue impedido el paso por el personal del Cuerpo Especializado de Seguridad Fronteriza (CESFRONT), el Ej\u00e9rcito Nacional y la Direcci\u00f3n General de Migraci\u00f3n debido a la inseguridad ciudadana del vecino pa\u00eds.<\/p>\n\n\n\n<p class=\"wp-block-paragraph\">A pesar de la medida de seguridad que tomaron los organismos de seguridad en la zona, trascendi\u00f3 que los dominicanos que posean una visa haitiana y deseen ir a esa naci\u00f3n pueden hacerlo, pero est\u00e1n advertidos de la situaci\u00f3n de inseguridad que prevalece en la zona.<\/p>\n\n\n\n<p class=\"wp-block-paragraph\">Adem\u00e1s, personal de defensa declar\u00f3 a medios locales \u201cNo le vamos permitir ir al peligro. Aqu\u00ed se est\u00e1n cumpliendo las \u00f3rdenes del presidente\u00bb, en referencia a la advertencia que hizo recientemente el mandatario Luis Abinader a los dominicanos.<\/p>\n\n\n\n<p class=\"wp-block-paragraph\">Se recuerda que desde hace semanas la crisis social haitiana se ha agudizado por la presi\u00f3n que ejercen bandas de criminales que intentan tomar el control del pa\u00eds y que han auspiciado las protestas por combustibles en ese pa\u00eds. Adem\u00e1s, recientemente han aumentado la cantidad de secuestros a los visitantes a la naci\u00f3n.<\/p>\n\n\n\n<p class=\"wp-block-paragraph\">En Hait\u00ed a\u00fan permanecen secuestrados un grupo de misioneros estadounidenses y varios camioneros dominicanos de los que hasta el momento no se tiene noticias y las autoridades dominicanas no han informado si se est\u00e1n planeando o ejecutando acciones de rescate, contrario a las americanas que informaron recientemente que se contemplan todas las posibilidades para rescatar a sus ciudadanos secuestrados.<\/p>\n<\/div>\n<\/div>\n<\/div>\n<\/div>\n","protected":false},"excerpt":{"rendered":"<p>Decenas de dominicanos que intentaron entrar este viernes a Hait\u00ed por la provincia Dajab\u00f3n denunciaron que les fue impedido el paso por el personal del Cuerpo Especializado de Seguridad Fronteriza&hellip; <\/p>\n","protected":false},"author":3,"featured_media":3579,"comment_status":"closed","ping_status":"closed","sticky":false,"template":"","format":"standard","meta":{"footnotes":""},"categories":[18,25],"tags":[],"class_list":["post-3578","post","type-post","status-publish","format-standard","has-post-thumbnail","hentry","category-noticias","category-portada"],"_links":{"self":[{"href":"https:\/\/lavozderd.com\/index.php?rest_route=\/wp\/v2\/posts\/3578","targetHints":{"allow":["GET"]}}],"collection":[{"href":"https:\/\/lavozderd.com\/index.php?rest_route=\/wp\/v2\/posts"}],"about":[{"href":"https:\/\/lavozderd.com\/index.php?rest_route=\/wp\/v2\/types\/post"}],"author":[{"embeddable":true,"href":"https:\/\/lavozderd.com\/index.php?rest_route=\/wp\/v2\/users\/3"}],"replies":[{"embeddable":true,"href":"https:\/\/lavozderd.com\/index.php?rest_route=%2Fwp%2Fv2%2Fcomments&post=3578"}],"version-history":[{"count":1,"href":"https:\/\/lavozderd.com\/index.php?rest_route=\/wp\/v2\/posts\/3578\/revisions"}],"predecessor-version":[{"id":3580,"href":"https:\/\/lavozderd.com\/index.php?rest_route=\/wp\/v2\/posts\/3578\/revisions\/3580"}],"wp:featuredmedia":[{"embeddable":true,"href":"https:\/\/lavozderd.com\/index.php?rest_route=\/wp\/v2\/media\/3579"}],"wp:attachment":[{"href":"https:\/\/lavozderd.com\/index.php?rest_route=%2Fwp%2Fv2%2Fmedia&parent=3578"}],"wp:term":[{"taxonomy":"category","embeddable":true,"href":"https:\/\/lavozderd.com\/index.php?rest_route=%2Fwp%2Fv2%2Fcategories&post=3578"},{"taxonomy":"post_tag","embeddable":true,"href":"https:\/\/lavozderd.com\/index.php?rest_route=%2Fwp%2Fv2%2Ftags&post=3578"}],"curies":[{"name":"wp","href":"https:\/\/api.w.org\/{rel}","templated":true}]}}