{"id":5987,"date":"2022-01-06T08:51:04","date_gmt":"2022-01-06T13:51:04","guid":{"rendered":"https:\/\/lavozderd.com\/?p=5987"},"modified":"2022-01-06T08:51:08","modified_gmt":"2022-01-06T13:51:08","slug":"ministerio-de-trabajo-reitera-feriado-dia-de-los-santos-reyes-se-cambia-al-lunes-10-de-enero","status":"publish","type":"post","link":"https:\/\/lavozderd.com\/?p=5987","title":{"rendered":"Ministerio de Trabajo reitera feriado \u201cD\u00eda de los Santos Reyes\u201d se cambia al lunes 10 de enero"},"content":{"rendered":"\n<p>presidencia.gob.do<\/p>\n\n\n\n<div class=\"wp-block-columns is-layout-flex wp-container-core-columns-is-layout-9d6595d7 wp-block-columns-is-layout-flex\">\n<div class=\"wp-block-column is-layout-flow wp-block-column-is-layout-flow\">\n<figure class=\"wp-block-image size-large is-resized\"><img decoding=\"async\" src=\"https:\/\/lavozderd.com\/wp-content\/uploads\/2022\/01\/Ministerio-de-Trabajo-1024x576.jpeg\" alt=\"\" class=\"wp-image-5988\" width=\"700\" srcset=\"https:\/\/lavozderd.com\/wp-content\/uploads\/2022\/01\/Ministerio-de-Trabajo-1024x576.jpeg 1024w, https:\/\/lavozderd.com\/wp-content\/uploads\/2022\/01\/Ministerio-de-Trabajo-300x169.jpeg 300w, https:\/\/lavozderd.com\/wp-content\/uploads\/2022\/01\/Ministerio-de-Trabajo-768x432.jpeg 768w, https:\/\/lavozderd.com\/wp-content\/uploads\/2022\/01\/Ministerio-de-Trabajo.jpeg 1300w\" sizes=\"(max-width: 1024px) 100vw, 1024px\" \/><\/figure>\n\n\n\n<div class=\"wp-block-columns is-layout-flex wp-container-core-columns-is-layout-9d6595d7 wp-block-columns-is-layout-flex\">\n<div class=\"wp-block-column is-layout-flow wp-block-column-is-layout-flow\" style=\"flex-basis:700px\">\n<p>Santo Domingo. El Ministerio de Trabajo reitera a toda la colectividad empresarial y trabajadora de la Rep\u00fablica Dominicana que el jueves 06 de enero, \u201cD\u00eda de los Santos Reyes\u201d, se trabaja y se cambia el feriado para el lunes 10 del mes en curso.<\/p>\n\n\n\n<p>Los servidores p\u00fablicos y privados deben reintegrarse a sus labores cotidianas el martes 11 de enero.<\/p>\n\n\n\n<p>La celebraci\u00f3n de estas fechas de conformidad con lo establecido por la legislaci\u00f3n dominicana, deber\u00e1 ser aplicada en todos los establecimientos del pa\u00eds.<\/p>\n<\/div>\n<\/div>\n<\/div>\n<\/div>\n","protected":false},"excerpt":{"rendered":"<p>presidencia.gob.do Santo Domingo. El Ministerio de Trabajo reitera a toda la colectividad empresarial y trabajadora de la Rep\u00fablica Dominicana que el jueves 06 de enero, \u201cD\u00eda de los Santos Reyes\u201d,&hellip; <\/p>\n","protected":false},"author":3,"featured_media":5988,"comment_status":"closed","ping_status":"closed","sticky":false,"template":"","format":"standard","meta":{"footnotes":""},"categories":[12],"tags":[],"class_list":["post-5987","post","type-post","status-publish","format-standard","has-post-thumbnail","hentry","category-actualidad"],"_links":{"self":[{"href":"https:\/\/lavozderd.com\/index.php?rest_route=\/wp\/v2\/posts\/5987","targetHints":{"allow":["GET"]}}],"collection":[{"href":"https:\/\/lavozderd.com\/index.php?rest_route=\/wp\/v2\/posts"}],"about":[{"href":"https:\/\/lavozderd.com\/index.php?rest_route=\/wp\/v2\/types\/post"}],"author":[{"embeddable":true,"href":"https:\/\/lavozderd.com\/index.php?rest_route=\/wp\/v2\/users\/3"}],"replies":[{"embeddable":true,"href":"https:\/\/lavozderd.com\/index.php?rest_route=%2Fwp%2Fv2%2Fcomments&post=5987"}],"version-history":[{"count":1,"href":"https:\/\/lavozderd.com\/index.php?rest_route=\/wp\/v2\/posts\/5987\/revisions"}],"predecessor-version":[{"id":5989,"href":"https:\/\/lavozderd.com\/index.php?rest_route=\/wp\/v2\/posts\/5987\/revisions\/5989"}],"wp:featuredmedia":[{"embeddable":true,"href":"https:\/\/lavozderd.com\/index.php?rest_route=\/wp\/v2\/media\/5988"}],"wp:attachment":[{"href":"https:\/\/lavozderd.com\/index.php?rest_route=%2Fwp%2Fv2%2Fmedia&parent=5987"}],"wp:term":[{"taxonomy":"category","embeddable":true,"href":"https:\/\/lavozderd.com\/index.php?rest_route=%2Fwp%2Fv2%2Fcategories&post=5987"},{"taxonomy":"post_tag","embeddable":true,"href":"https:\/\/lavozderd.com\/index.php?rest_route=%2Fwp%2Fv2%2Ftags&post=5987"}],"curies":[{"name":"wp","href":"https:\/\/api.w.org\/{rel}","templated":true}]}}