{"id":5990,"date":"2022-01-06T09:02:49","date_gmt":"2022-01-06T14:02:49","guid":{"rendered":"https:\/\/lavozderd.com\/?p=5990"},"modified":"2022-01-06T09:02:54","modified_gmt":"2022-01-06T14:02:54","slug":"margarita-se-defiende-de-acusaciones-de-del-director-de-presupuesto-jose-rijo-presbot","status":"publish","type":"post","link":"https:\/\/lavozderd.com\/?p=5990","title":{"rendered":"Margarita se defiende de acusaciones de del director de Presupuesto, Jos\u00e9 Rijo Presbot"},"content":{"rendered":"\n<div class=\"wp-block-columns is-layout-flex wp-container-core-columns-is-layout-9d6595d7 wp-block-columns-is-layout-flex\">\n<div class=\"wp-block-column is-layout-flow wp-block-column-is-layout-flow\">\n<figure class=\"wp-block-image size-full is-resized\"><img decoding=\"async\" src=\"https:\/\/lavozderd.com\/wp-content\/uploads\/2022\/01\/Margarita-Cedeno-Jose-Rijo.png\" alt=\"\" class=\"wp-image-5991\" width=\"700\" srcset=\"https:\/\/lavozderd.com\/wp-content\/uploads\/2022\/01\/Margarita-Cedeno-Jose-Rijo.png 724w, https:\/\/lavozderd.com\/wp-content\/uploads\/2022\/01\/Margarita-Cedeno-Jose-Rijo-300x255.png 300w\" sizes=\"(max-width: 724px) 100vw, 724px\" \/><\/figure>\n\n\n\n<div class=\"wp-block-columns is-layout-flex wp-container-core-columns-is-layout-9d6595d7 wp-block-columns-is-layout-flex\">\n<div class=\"wp-block-column is-layout-flow wp-block-column-is-layout-flow\" style=\"flex-basis:700px\">\n<p>La ex vicepresidente de la Rep\u00fablica, Margarita Cede\u00f1o, replic\u00f3 la acusaci\u00f3n del director de Presupuesto, Jos\u00e9 Rijo Presbot, sobre supuestas n\u00f3minas irregulares en programas sociales durante la pasada gesti\u00f3n.<\/p>\n\n\n\n<p>Durante una entrevista Presbot acus\u00f3 a Cede\u00f1o de haber tenido \u201cn\u00f3minas irregulares\u201d dentro de los Programas Sociales mientras que ella lo desminti\u00f3 a trav\u00e9s de su cuenta de Twitter.<\/p>\n\n\n\n<p>\u201cNo hubo irregularidades en ese trabajo. Como siempre, actu\u00e9 con la mayor transparencia, apegada a la legalidad y la \u00e9tica que me caracterizan; y contando con el acompa\u00f1amiento y aprobaci\u00f3n de los organismos internacionales\u201d, coment\u00f3 Cede\u00f1o a una publicaci\u00f3n del periodista F\u00e9lix Victorino en Twitter.<\/p>\n\n\n\n<p>A esto, agreg\u00f3 que \u201cning\u00fan persona ten\u00eda dualidad de funciones ni de cobros\u201d y que las autoridades actuales han cambiado una modalidad de pago por otra.<\/p>\n\n\n\n<p>En ese sentido dijo \u201clamentar\u201d las declaraciones de Presbot en las cuales \u201cfalte a su verdad\u201d y record\u00f3 que el Programa de las Naciones Unidas para el Desarrollo (PNUD) tambi\u00e9n lo desminti\u00f3.<\/p>\n\n\n\n<p>\u201cLamento mucho que el profesor Rijo Presbot falte a la verdad con sus declaraciones. Ya el mismo PNUD le hab\u00eda respondido a \u00e9l sobre ese tema, pero la l\u00ednea de este gobierno es atacar lo bueno para poder gobernar con lo malo. \u00a1Conmigo no!\u201d, tuite\u00f3.<\/p>\n<\/div>\n<\/div>\n<\/div>\n<\/div>\n","protected":false},"excerpt":{"rendered":"<p>La ex vicepresidente de la Rep\u00fablica, Margarita Cede\u00f1o, replic\u00f3 la acusaci\u00f3n del director de Presupuesto, Jos\u00e9 Rijo Presbot, sobre supuestas n\u00f3minas irregulares en programas sociales durante la pasada gesti\u00f3n. Durante&hellip; <\/p>\n","protected":false},"author":3,"featured_media":5991,"comment_status":"closed","ping_status":"closed","sticky":false,"template":"","format":"standard","meta":{"footnotes":""},"categories":[18,25],"tags":[],"class_list":["post-5990","post","type-post","status-publish","format-standard","has-post-thumbnail","hentry","category-noticias","category-portada"],"_links":{"self":[{"href":"https:\/\/lavozderd.com\/index.php?rest_route=\/wp\/v2\/posts\/5990","targetHints":{"allow":["GET"]}}],"collection":[{"href":"https:\/\/lavozderd.com\/index.php?rest_route=\/wp\/v2\/posts"}],"about":[{"href":"https:\/\/lavozderd.com\/index.php?rest_route=\/wp\/v2\/types\/post"}],"author":[{"embeddable":true,"href":"https:\/\/lavozderd.com\/index.php?rest_route=\/wp\/v2\/users\/3"}],"replies":[{"embeddable":true,"href":"https:\/\/lavozderd.com\/index.php?rest_route=%2Fwp%2Fv2%2Fcomments&post=5990"}],"version-history":[{"count":1,"href":"https:\/\/lavozderd.com\/index.php?rest_route=\/wp\/v2\/posts\/5990\/revisions"}],"predecessor-version":[{"id":5992,"href":"https:\/\/lavozderd.com\/index.php?rest_route=\/wp\/v2\/posts\/5990\/revisions\/5992"}],"wp:featuredmedia":[{"embeddable":true,"href":"https:\/\/lavozderd.com\/index.php?rest_route=\/wp\/v2\/media\/5991"}],"wp:attachment":[{"href":"https:\/\/lavozderd.com\/index.php?rest_route=%2Fwp%2Fv2%2Fmedia&parent=5990"}],"wp:term":[{"taxonomy":"category","embeddable":true,"href":"https:\/\/lavozderd.com\/index.php?rest_route=%2Fwp%2Fv2%2Fcategories&post=5990"},{"taxonomy":"post_tag","embeddable":true,"href":"https:\/\/lavozderd.com\/index.php?rest_route=%2Fwp%2Fv2%2Ftags&post=5990"}],"curies":[{"name":"wp","href":"https:\/\/api.w.org\/{rel}","templated":true}]}}