{"id":5993,"date":"2022-01-06T09:12:42","date_gmt":"2022-01-06T14:12:42","guid":{"rendered":"https:\/\/lavozderd.com\/?p=5993"},"modified":"2022-01-06T09:12:47","modified_gmt":"2022-01-06T14:12:47","slug":"alexis-villalona-sigue-desaparecido","status":"publish","type":"post","link":"https:\/\/lavozderd.com\/?p=5993","title":{"rendered":"Alexis Villalona, sigue desaparecido"},"content":{"rendered":"\n<div class=\"wp-block-columns is-layout-flex wp-container-core-columns-is-layout-9d6595d7 wp-block-columns-is-layout-flex\">\n<div class=\"wp-block-column is-layout-flow wp-block-column-is-layout-flow\">\n<figure class=\"wp-block-image size-full is-resized\"><img decoding=\"async\" src=\"https:\/\/lavozderd.com\/wp-content\/uploads\/2022\/01\/Alexis-Villalona3.jpg\" alt=\"\" class=\"wp-image-5994\" width=\"700\" srcset=\"https:\/\/lavozderd.com\/wp-content\/uploads\/2022\/01\/Alexis-Villalona3.jpg 621w, https:\/\/lavozderd.com\/wp-content\/uploads\/2022\/01\/Alexis-Villalona3-300x247.jpg 300w\" sizes=\"(max-width: 621px) 100vw, 621px\" \/><\/figure>\n\n\n\n<div class=\"wp-block-columns is-layout-flex wp-container-core-columns-is-layout-9d6595d7 wp-block-columns-is-layout-flex\">\n<div class=\"wp-block-column is-layout-flow wp-block-column-is-layout-flow\" style=\"flex-basis:700px\">\n<p>Justo en la misma primera madrugada del a\u00f1o, circul\u00f3 un video en las redes sociales donde se mostr\u00f3 a un hombre golpeando a una mujer hasta provocarle una fuerte ca\u00edda que la dej\u00f3 tendida en el pavimento.<\/p>\n\n\n\n<p>En el audiovisual se observa a Santa Arias, quien se trasladaba en una pasola gris, acerc\u00e1ndose a la mujer que iba a bordo junto al agresor, en una yipeta blanca; tras lo que pareci\u00f3 ser un accidente de tr\u00e1nsito que habr\u00eda provocado el incidente que la dej\u00f3 inconsciente en la calle.<\/p>\n\n\n\n<p>Arias ha dicho que antes de que se comenzara a grabar ya el hombre le hab\u00eda propinado varias bofetadas.<\/p>\n\n\n\n<p>Seg\u00fan explic\u00f3 la mujer, ella fue interceptada por el veh\u00edculo en el que se transportaba su agresor, quien la choc\u00f3 y despu\u00e9s sali\u00f3 del veh\u00edculo a golpearla, luego de que presuntamente esta le rosara su veh\u00edculo con la passola en la que se trasladaba.<\/p>\n\n\n\n<p>\u201cEl director general de la Polic\u00eda, mayor general Eduardo Alberto Then, instruy\u00f3 a equipos de investigadores localizar y arrestar al hombre que agredi\u00f3 en Ban\u00ed, Peravia, a una mujer y la dej\u00f3 tirada en la calle. Advierte nada justifica una agresi\u00f3n de esa magnitud y menos contra una dama\u201d, public\u00f3 el vocero del cuerpo del orden, Diego Pesqueira, a trav\u00e9s de su cuenta de Twitter, al ocurrir el incidente.<\/p>\n\n\n\n<p>Desde entonces las autoridades activaron la b\u00fasqueda y captura de quien fue identificado como Alexis Villalona y justo al d\u00eda siguiente allanaron su vivienda y all\u00ed se encontraron varios cuchillos \u201ctipo rambo\u00bb, as\u00ed como una especie de manopla, los cuales estaban en una gaveta dentro de una de las habitaciones.<\/p>\n\n\n\n<p>Tambi\u00e9n fue allanada la casa de la madre de Villalona, en b\u00fasqueda de m\u00e1s informaci\u00f3n pero no se ofrecieron detalles de los hallazgos; varios d\u00edas despu\u00e9s, la se\u00f1ora Porfiria, le solicit\u00f3 a su hijo que se entregue.<\/p>\n\n\n\n<p>\u201cYo no he dormido m\u00e1s nunca desde que pas\u00f3 eso. Esta es la hora que no he desayunado todav\u00eda (a la 1:40 de la tarde)\u2026 Yo le pido a \u00e9l que si nos est\u00e1 escuchando, por amor a Dios\u2026 se\u00f1or t\u00f3calo donde quiera que est\u00e9, t\u00f3calo se\u00f1or porque yo no s\u00e9 d\u00f3nde est\u00e1, Dios s\u00ed sabe d\u00f3nde est\u00e1, Dios lo va a tocar\u201d, dijo la se\u00f1ora la tarde del pasado martes en el programa Show del Mediod\u00eda.<\/p>\n\n\n\n<p>Ese mismo d\u00eda, el fiscal titular de la Provincia Peravia, \u00c1ngel Dar\u00edo Tejeda Fabal, le inform\u00f3 a este medio que Villalona podr\u00eda ser condenado de uno a cinco a\u00f1os, en primer t\u00e9rmino, por violaci\u00f3n a la ley de Violencia de G\u00e9nero y Protecci\u00f3n de la Familia y de la Mujer. &nbsp;<\/p>\n\n\n\n<p>Por su lado, una hermana de \u00c1ngel defendi\u00f3 a su pariente a quien calific\u00f3 como una persona \u201cdepresiva\u201d y que tiene dos operaciones en la columna.<\/p>\n\n\n\n<p>\u201cMi hermano es una persona operada dos veces, es una persona depresiva, as\u00ed que vamos a bajarle tres rayas para no subirle a cuatro\u201d, fue lo dicho por la hermana del agresor tras ser entrevistada por Informativos Teleantillas.<\/p>\n\n\n\n<p>Sin embargo, a casi una semana de que se cumpla el hecho, Villalona sigue sin aparecer y la Polic\u00eda Nacional se mantiene sin rastros de su paradero, lo cual ha generado indignaci\u00f3n de parte de los ciudadanos en las redes sociales.<\/p>\n<\/div>\n<\/div>\n<\/div>\n<\/div>\n","protected":false},"excerpt":{"rendered":"<p>Justo en la misma primera madrugada del a\u00f1o, circul\u00f3 un video en las redes sociales donde se mostr\u00f3 a un hombre golpeando a una mujer hasta provocarle una fuerte ca\u00edda&hellip; <\/p>\n","protected":false},"author":3,"featured_media":5994,"comment_status":"closed","ping_status":"closed","sticky":false,"template":"","format":"standard","meta":{"footnotes":""},"categories":[12,18],"tags":[],"class_list":["post-5993","post","type-post","status-publish","format-standard","has-post-thumbnail","hentry","category-actualidad","category-noticias"],"_links":{"self":[{"href":"https:\/\/lavozderd.com\/index.php?rest_route=\/wp\/v2\/posts\/5993","targetHints":{"allow":["GET"]}}],"collection":[{"href":"https:\/\/lavozderd.com\/index.php?rest_route=\/wp\/v2\/posts"}],"about":[{"href":"https:\/\/lavozderd.com\/index.php?rest_route=\/wp\/v2\/types\/post"}],"author":[{"embeddable":true,"href":"https:\/\/lavozderd.com\/index.php?rest_route=\/wp\/v2\/users\/3"}],"replies":[{"embeddable":true,"href":"https:\/\/lavozderd.com\/index.php?rest_route=%2Fwp%2Fv2%2Fcomments&post=5993"}],"version-history":[{"count":1,"href":"https:\/\/lavozderd.com\/index.php?rest_route=\/wp\/v2\/posts\/5993\/revisions"}],"predecessor-version":[{"id":5995,"href":"https:\/\/lavozderd.com\/index.php?rest_route=\/wp\/v2\/posts\/5993\/revisions\/5995"}],"wp:featuredmedia":[{"embeddable":true,"href":"https:\/\/lavozderd.com\/index.php?rest_route=\/wp\/v2\/media\/5994"}],"wp:attachment":[{"href":"https:\/\/lavozderd.com\/index.php?rest_route=%2Fwp%2Fv2%2Fmedia&parent=5993"}],"wp:term":[{"taxonomy":"category","embeddable":true,"href":"https:\/\/lavozderd.com\/index.php?rest_route=%2Fwp%2Fv2%2Fcategories&post=5993"},{"taxonomy":"post_tag","embeddable":true,"href":"https:\/\/lavozderd.com\/index.php?rest_route=%2Fwp%2Fv2%2Ftags&post=5993"}],"curies":[{"name":"wp","href":"https:\/\/api.w.org\/{rel}","templated":true}]}}