{"id":5996,"date":"2022-01-06T09:22:56","date_gmt":"2022-01-06T14:22:56","guid":{"rendered":"https:\/\/lavozderd.com\/?p=5996"},"modified":"2022-01-06T09:30:21","modified_gmt":"2022-01-06T14:30:21","slug":"cmd-advierte-cantidad-de-contagios","status":"publish","type":"post","link":"https:\/\/lavozderd.com\/?p=5996","title":{"rendered":"CMD advierte cantidad de contagios"},"content":{"rendered":"\n<div class=\"wp-block-columns is-layout-flex wp-container-core-columns-is-layout-9d6595d7 wp-block-columns-is-layout-flex\">\n<div class=\"wp-block-column is-layout-flow wp-block-column-is-layout-flow\">\n<figure class=\"wp-block-image size-full is-resized\"><img decoding=\"async\" src=\"https:\/\/lavozderd.com\/wp-content\/uploads\/2022\/01\/cmd2.jpg\" alt=\"\" class=\"wp-image-5997\" width=\"700\" srcset=\"https:\/\/lavozderd.com\/wp-content\/uploads\/2022\/01\/cmd2.jpg 830w, https:\/\/lavozderd.com\/wp-content\/uploads\/2022\/01\/cmd2-300x145.jpg 300w, https:\/\/lavozderd.com\/wp-content\/uploads\/2022\/01\/cmd2-768x370.jpg 768w\" sizes=\"(max-width: 830px) 100vw, 830px\" \/><\/figure>\n\n\n\n<div class=\"wp-block-columns is-layout-flex wp-container-core-columns-is-layout-9d6595d7 wp-block-columns-is-layout-flex\">\n<div class=\"wp-block-column is-layout-flow wp-block-column-is-layout-flow\" style=\"flex-basis:700px\">\n<p>CMD advierte de colapso del sistema por gran cantidad de contagios, as\u00ed lo inform\u00f3 ayer su director, doctor Mario Lama, quien dijo que en algunos lugares les reportan salidas y entradas de personal por esa causa, pero que se han estado realizando movimientos para suplir las licencias m\u00e9dicas.<\/p>\n\n\n\n<p>El Servicio Nacional de Salud (SNS) inform\u00f3 que realiza un levantamiento para tener informaciones precisas del impacto en el personal de salud que est\u00e1 teniendo la quinta ola del Covid-19 por la que atraviesa el pa\u00eds, provocada mayormente por la variante \u00f3micron.<\/p>\n\n\n\n<p>Esos movimientos se hacen, seg\u00fan explic\u00f3 Lama, de Unidades de Atenci\u00f3n Primaria a hospitales y de hospital a hospital, y record\u00f3 que adem\u00e1s el Presidente de la Rep\u00fablica&nbsp; ha dispuesto la colaboraci\u00f3n del personal de las fuerzas armadas en caso de ser necesario reforzar la atenci\u00f3n y que se est\u00e1 en di\u00e1logo con otros sectores.<\/p>\n\n\n\n<p>Seg\u00fan especialistas, adem\u00e1s de m\u00e9dicos, los contagios en los&nbsp; servicios de salud p\u00fablicos y privados del pa\u00eds abarcan a enfermeras, laboratoristas, personal de apoyo y administrativo. &nbsp;<\/p>\n\n\n\n<p>Al respecto, ayer el Colegio M\u00e9dico Dominicano (CMD) dijo estar sensiblemente preocupado ante la actual ola de la pandemia que impacta el pa\u00eds, provocadas por las variantes delta y \u00f3micron del Covid-19, adem\u00e1s de la influenza, afectando a la poblaci\u00f3n y con ello a una buena parte de los m\u00e9dicos, ocasionando un alto porcentaje de ausentismo laboral.<\/p>\n\n\n\n<p>Su presidente, Sen\u00e9n Caba, detall\u00f3 que hay provincias donde los m\u00e9dicos afectados alcanzan hasta el 40% del personal de salud, como es el caso de Azua con ese porcentaje; en Barahona hay 30 personal de salud, entre ellos 15 m\u00e9dicos; en San Pedro de Macor\u00eds 35 m\u00e9dicos con S\u00edntomas; en Santiago, en el hospital Jos\u00e9 Mar\u00eda Cabral y Baez el 35% del personal de salud est\u00e1 en ausentismo laboral; en Puerto Plata 24 m\u00e9dicos en licencia y en El\u00edas Pi\u00f1a, tres m\u00e9dicos con Covid-19 positivos.<\/p>\n\n\n\n<p>Agreg\u00f3 que en San Juan 15 m\u00e9dicos del hospital Alejandro Cabral; en el hospital Moscoso Puello, de la capital, hay 20 m\u00e9dicos con licencia y 30 con s\u00edntomas; en Los Mina hay 18 m\u00e9dicos con licencia y en Santiago Rodr\u00edguez, 17 m\u00e9dicos afectados.<\/p>\n\n\n\n<p>Caba advirti\u00f3 que de continuar as\u00ed podr\u00eda colapsar el sistema y no podr\u00e1 sostenerse aunque sean reforzados con m\u00e9dicos militares.<\/p>\n\n\n\n<p>Caba afirm\u00f3 que las Aseguradoras de Riesgos de Salud (ARS) y los grandes laboratorios del pa\u00eds \u201cse est\u00e1n enriqueciendo a costa del pueblo, tal como hicieron a principios de la pandemia en 2020\u201d, al cobrar 2,000 pesos por hacer una prueba de ant\u00edgeno.<\/p>\n\n\n\n<p>Expres\u00f3 que se est\u00e1 \u201cchantajeando\u201d a la poblaci\u00f3n al solicitarles una prueba de ant\u00edgeno positivo para realizarse una PCR, bajo el conocimiento que los laboratorios antig\u00e9nicos no marcan positivo para la variante \u00f3micron.<\/p>\n\n\n\n<p>Llam\u00f3 a la poblaci\u00f3n a realizarse directamente las pruebas PCR gratis en todos los centros dispuestos por el Gobierno. \u201cLa prueba antig\u00e9nica no marca positivo para \u00f3micron, marca falso positivo y ellos lo saben y encima de eso se la siguen cobrando a la gente, aqu\u00ed lo que hay que hacer es PCR, en estos momentos porque el \u00f3micron marcan muchos falsos positivos para las otras pruebas antig\u00e9nica\u201d, dijo.<\/p>\n<\/div>\n<\/div>\n<\/div>\n<\/div>\n","protected":false},"excerpt":{"rendered":"<p>CMD advierte de colapso del sistema por gran cantidad de contagios, as\u00ed lo inform\u00f3 ayer su director, doctor Mario Lama, quien dijo que en algunos lugares les reportan salidas y&hellip; <\/p>\n","protected":false},"author":3,"featured_media":5997,"comment_status":"closed","ping_status":"closed","sticky":false,"template":"","format":"standard","meta":{"footnotes":""},"categories":[25,22],"tags":[],"class_list":["post-5996","post","type-post","status-publish","format-standard","has-post-thumbnail","hentry","category-portada","category-salud"],"_links":{"self":[{"href":"https:\/\/lavozderd.com\/index.php?rest_route=\/wp\/v2\/posts\/5996","targetHints":{"allow":["GET"]}}],"collection":[{"href":"https:\/\/lavozderd.com\/index.php?rest_route=\/wp\/v2\/posts"}],"about":[{"href":"https:\/\/lavozderd.com\/index.php?rest_route=\/wp\/v2\/types\/post"}],"author":[{"embeddable":true,"href":"https:\/\/lavozderd.com\/index.php?rest_route=\/wp\/v2\/users\/3"}],"replies":[{"embeddable":true,"href":"https:\/\/lavozderd.com\/index.php?rest_route=%2Fwp%2Fv2%2Fcomments&post=5996"}],"version-history":[{"count":2,"href":"https:\/\/lavozderd.com\/index.php?rest_route=\/wp\/v2\/posts\/5996\/revisions"}],"predecessor-version":[{"id":6003,"href":"https:\/\/lavozderd.com\/index.php?rest_route=\/wp\/v2\/posts\/5996\/revisions\/6003"}],"wp:featuredmedia":[{"embeddable":true,"href":"https:\/\/lavozderd.com\/index.php?rest_route=\/wp\/v2\/media\/5997"}],"wp:attachment":[{"href":"https:\/\/lavozderd.com\/index.php?rest_route=%2Fwp%2Fv2%2Fmedia&parent=5996"}],"wp:term":[{"taxonomy":"category","embeddable":true,"href":"https:\/\/lavozderd.com\/index.php?rest_route=%2Fwp%2Fv2%2Fcategories&post=5996"},{"taxonomy":"post_tag","embeddable":true,"href":"https:\/\/lavozderd.com\/index.php?rest_route=%2Fwp%2Fv2%2Ftags&post=5996"}],"curies":[{"name":"wp","href":"https:\/\/api.w.org\/{rel}","templated":true}]}}