{"id":6474,"date":"2022-01-25T08:59:01","date_gmt":"2022-01-25T13:59:01","guid":{"rendered":"https:\/\/lavozderd.com\/?p=6474"},"modified":"2022-01-25T08:59:05","modified_gmt":"2022-01-25T13:59:05","slug":"el-mpu-aplaude-anuncio-de-abinader-para-apertura-de-linea-aerea-bandera-de-la-republica-dominicana","status":"publish","type":"post","link":"https:\/\/lavozderd.com\/?p=6474","title":{"rendered":"El MPU aplaude anuncio de   Abinader para apertura de  l\u00ednea a\u00e9rea bandera de la Rep\u00fablica Dominicana"},"content":{"rendered":"\n<p>Miguel Cruz Tejada<\/p>\n\n\n\n<div class=\"wp-block-columns is-layout-flex wp-container-core-columns-is-layout-9d6595d7 wp-block-columns-is-layout-flex\">\n<div class=\"wp-block-column is-layout-flow wp-block-column-is-layout-flow\" style=\"flex-basis:700px\">\n<figure class=\"wp-block-image size-large is-resized\"><img decoding=\"async\" src=\"https:\/\/lavozderd.com\/wp-content\/uploads\/2022\/01\/thumbnail_El-MPU-aplaude-anuncio-de-Abinader-1024x530.jpg\" alt=\"\" class=\"wp-image-6475\" width=\"700\" \/><figcaption>NUEVA YORK._ El activista Ram\u00f3n Valdez (Chang\u00f3) que dirige el MPU aplaude el anuncio de Abinader en Fitur 2022 \u00a0sobre una l\u00ednea \u00e1rea bandera nacional que ayudar\u00e1 a bajar los costos de boletos a los dominicanos de la di\u00e1spora. (Fuente externa).<\/figcaption><\/figure>\n\n\n\n<div class=\"wp-block-columns is-layout-flex wp-container-core-columns-is-layout-9d6595d7 wp-block-columns-is-layout-flex\">\n<div class=\"wp-block-column is-layout-flow wp-block-column-is-layout-flow\" style=\"flex-basis:700px\">\n<p>NUEVA YORK._ El Movimiento Popular Unitario (MPU) dirigido por el activista Ram\u00f3n Valdez (Chang\u00f3) aplaudi\u00f3 el anuncio el viernes pasado en Espa\u00f1a del presidente Luis Abinader sobre la apertura de una l\u00ednea bandera de la Rep\u00fablica Dominicana.<\/p>\n\n\n\n<p>Valdez, dijo que esa l\u00ednea representar\u00e1 la cristalizaci\u00f3n del anhelo de millares de dominicanos en la di\u00e1spora que por d\u00e9cadas han estado esperando el anuncio, despu\u00e9s que varios intentos de establecer aerol\u00edneas de capital dominicano han fracasado en Estados Unidos.<\/p>\n\n\n\n<p>\u201cEste anuncio es trascendental especialmente para los dominicanos y dominicanas radicados en el exterior que viajamos con frecuencia&nbsp; a la patria que nos vio nacer, siendo muchas veces discriminados, maltratados y abusados con las tarifas de l\u00edneas que se aprovechan de nuestro amor y orgullo patrio\u201d, a\u00f1adi\u00f3 el activista.<\/p>\n\n\n\n<p>Se\u00f1al\u00f3 que tras el anuncio del presidente, el pa\u00eds y todos los residentes en ultramar deben sentirse regocijados y orgullosos.<\/p>\n\n\n\n<p>\u201cEs un paso hist\u00f3rico debido al fracaso y desaparici\u00f3n de varias l\u00edneas de inversi\u00f3n dominicana privada que no pudieron mantenerse en el aire debido a la falta de cumplimiento de los acuerdos, requisitos y deudas que acumularon con las autoridades de Estados Unidos y otros pa\u00edses\u201d, explic\u00f3 Valdez.<\/p>\n\n\n\n<p>Indic\u00f3 que trat\u00e1ndose de una l\u00ednea bandera nacional, administrada por el estado y con participaci\u00f3n de inversionistas privados, la situaci\u00f3n ser\u00e1 totalmente diferente sobre todo trat\u00e1ndose que representar\u00e1 no solo al Gobierno sino a todo el pa\u00eds.<\/p>\n\n\n\n<p>\u201cLa confianza que mantiene el presidente Abinader en su administraci\u00f3n manejada con transparencia, pulcritud y &nbsp;&nbsp;honestidad es una de las garant\u00edas de que no sucumbir\u00e1 en sus operaciones como ocurri\u00f3 con otras en el pasado\u201d, sostuvo el activista.<\/p>\n\n\n\n<p>\u201cAdem\u00e1s, esa l\u00ednea ayudar\u00e1 a mantener bajos precios en los costos de boletos y equipajes para quienes viajamos a la Rep\u00fablica Dominicana, lo que motivar\u00e1 a alejarnos de las l\u00edneas que nos siguen explotando sin que hasta ahora, ning\u00fan Gobierno sacara la cara por nosotros, los de la di\u00e1spora\u201d, precis\u00f3 Valdez.<\/p>\n\n\n\n<p>Abinader hizo el anuncio el viernes 21 de enero durante su presentaci\u00f3n en el evento Fitur 2022 en Espa\u00f1a, diciendo que en un mes se ofrecer\u00e1n los detalles sobre la nueva l\u00ednea bandera nacional.<\/p>\n\n\n\n<p>El mandatario adelant\u00f3 que la inversi\u00f3n ser\u00e1 principalmente de capital dominicano que est\u00e1 en proceso porque el Gobierno quiere que un grupo importante se incorpore.<\/p>\n\n\n\n<p>Indic\u00f3 que esta l\u00ednea, junto a las otras que tienen capital dominicano, ayudar\u00e1 a mejorar los precios de viaje desde y hacia Rep\u00fablica Dominicana.<\/p>\n<\/div>\n<\/div>\n<\/div>\n<\/div>\n","protected":false},"excerpt":{"rendered":"<p>Miguel Cruz Tejada NUEVA YORK._ El Movimiento Popular Unitario (MPU) dirigido por el activista Ram\u00f3n Valdez (Chang\u00f3) aplaudi\u00f3 el anuncio el viernes pasado en Espa\u00f1a del presidente Luis Abinader sobre&hellip; <\/p>\n","protected":false},"author":3,"featured_media":0,"comment_status":"closed","ping_status":"closed","sticky":false,"template":"","format":"standard","meta":{"footnotes":""},"categories":[20],"tags":[],"class_list":["post-6474","post","type-post","status-publish","format-standard","hentry","category-internacionales"],"_links":{"self":[{"href":"https:\/\/lavozderd.com\/index.php?rest_route=\/wp\/v2\/posts\/6474","targetHints":{"allow":["GET"]}}],"collection":[{"href":"https:\/\/lavozderd.com\/index.php?rest_route=\/wp\/v2\/posts"}],"about":[{"href":"https:\/\/lavozderd.com\/index.php?rest_route=\/wp\/v2\/types\/post"}],"author":[{"embeddable":true,"href":"https:\/\/lavozderd.com\/index.php?rest_route=\/wp\/v2\/users\/3"}],"replies":[{"embeddable":true,"href":"https:\/\/lavozderd.com\/index.php?rest_route=%2Fwp%2Fv2%2Fcomments&post=6474"}],"version-history":[{"count":1,"href":"https:\/\/lavozderd.com\/index.php?rest_route=\/wp\/v2\/posts\/6474\/revisions"}],"predecessor-version":[{"id":6476,"href":"https:\/\/lavozderd.com\/index.php?rest_route=\/wp\/v2\/posts\/6474\/revisions\/6476"}],"wp:attachment":[{"href":"https:\/\/lavozderd.com\/index.php?rest_route=%2Fwp%2Fv2%2Fmedia&parent=6474"}],"wp:term":[{"taxonomy":"category","embeddable":true,"href":"https:\/\/lavozderd.com\/index.php?rest_route=%2Fwp%2Fv2%2Fcategories&post=6474"},{"taxonomy":"post_tag","embeddable":true,"href":"https:\/\/lavozderd.com\/index.php?rest_route=%2Fwp%2Fv2%2Ftags&post=6474"}],"curies":[{"name":"wp","href":"https:\/\/api.w.org\/{rel}","templated":true}]}}