{"id":6477,"date":"2022-01-25T09:01:10","date_gmt":"2022-01-25T14:01:10","guid":{"rendered":"https:\/\/lavozderd.com\/?p=6477"},"modified":"2022-01-25T09:01:15","modified_gmt":"2022-01-25T14:01:15","slug":"cientos-de-dominicanos-veneran-la-virgen-de-la-altagracia-en-exhibicion-de-codocul-en-el-alto-manhattan","status":"publish","type":"post","link":"https:\/\/lavozderd.com\/?p=6477","title":{"rendered":"Cientos de dominicanos veneran la Virgen de La Altagracia en exhibici\u00f3n de CODOCUL en el Alto Manhattan"},"content":{"rendered":"\n<p>Miguel Cruz Tejada<\/p>\n\n\n\n<div class=\"wp-block-columns is-layout-flex wp-container-core-columns-is-layout-9d6595d7 wp-block-columns-is-layout-flex\">\n<div class=\"wp-block-column is-layout-flow wp-block-column-is-layout-flow\" style=\"flex-basis:700px\">\n<figure class=\"wp-block-image size-large is-resized\"><img decoding=\"async\" src=\"https:\/\/lavozderd.com\/wp-content\/uploads\/2022\/01\/thumbnail_Cientos-de-dominicanos-veneran-la-Virgen-de-La-Altagracia-1024x358.jpg\" alt=\"\" class=\"wp-image-6478\" width=\"700\" \/><figcaption>NUEVA YORK._\u00a0 La comisionada de cultura Lourdes Batista Jakab encabeza el acto de veneraci\u00f3n a la virgen de La Altagracia en la calle 181 y avenida Saint Nicholas en el Alto Manhattan en un evento organizado por el Comisionado Dominicano de Cultura, en el que participaron cientos de dominicanos.\u00a0 (Fotos CODOCUL).<\/figcaption><\/figure>\n\n\n\n<div class=\"wp-block-columns is-layout-flex wp-container-core-columns-is-layout-9d6595d7 wp-block-columns-is-layout-flex\">\n<div class=\"wp-block-column is-layout-flow wp-block-column-is-layout-flow\" style=\"flex-basis:700px\">\n<p>NUEVA YORK._ Cientos de dominicanos veneraron a la Virgen de La Altagracia durante una exhibici\u00f3n en el Alto Manhattan del dibujo de la santa del artista Jos\u00e9 Tom\u00e1s Ares expuesta en la calle 181 y avenida Saint Nicholas (Juan Pablo Duarte Boulevard) como parte de la celebraci\u00f3n del primer centenario de su coronaci\u00f3n que lleva a cabo el Comisionado Dominicano de Cultura (CODOCUL) por iniciativa de la comisionada Lourdes Batista Jakab.<\/p>\n\n\n\n<p>Encabezados por la funcionaria y otros miembros del personal de CODOCUL, los cientos de devotos desafiaron el viernes 21 de enero, una g\u00e9lida temperatura de 17 grados Celsius para estar presentes en la exhibici\u00f3n que tambi\u00e9n atrajo la atenci\u00f3n de transe\u00fantes y conductores que transitaban en el \u00e1rea.<\/p>\n\n\n\n<p>Junto al cuadro, las banderas dominicanos tambi\u00e9n flotaron en manos de los fieles de la virgen, muchos de los cuales le ped\u00edan favores y milagros abogando porque la Rep\u00fablica Dominicana mantenga el ritmo que lleva bajo el Gobierno del presidente Luis Abinader.<\/p>\n\n\n\n<p>El centenario se celebrar\u00e1 oficialmente el 22 de agosto de este a\u00f1o, fecha en la que la virgen aparecida en Hig\u00fcey (provincia La Altagracia) al Este de la Rep\u00fablica Dominicana fue &nbsp;en Roma por el papa de turno.<\/p>\n\n\n\n<p>\u201cGracias a todos por haber venido, a pesar del fr\u00edo que estamos sintiendo, a\u00fan estando bien abrigados y protegidos, pero que sin importar, aqu\u00ed estamos, porque el calor de los dominicanos es m\u00e1s fuerte que este fr\u00edo, el calor de nuestra cultura es m\u00e1s fuerte que este fr\u00edo, el amor que sentimos nosotros los dominicanos por nuestra cultura, por nuestras costumbres, nuestras tradiciones, es m\u00e1s fuerte que el fr\u00edo, y es por eso que vinimos aqu\u00ed\u201d, dijo la comisionada.<\/p>\n\n\n\n<p>\u201cHoy, por eso tenemos la imagen de nuestra virgen de La Altagracia aqu\u00ed con nosotros, la patrona del pueblo dominicano, nuestra madre espiritual\u201d, a\u00f1adi\u00f3 la funcionaria.<\/p>\n\n\n\n<p>\u201cAgradecemos al artista Jos\u00e9 Tom\u00e1s Ares, quien hizo esta bella pintura de la virgen, la cual don\u00f3 al Comisionado Dominicano de Cultura en enero de 2021, en ese mismo a\u00f1o la llevamos a la calle Dyckman, pero ahora decidimos traerla aqu\u00ed, al coraz\u00f3n del barrio de los dominicanos, Washington Heights, a la calle 181 y la avenida &nbsp;Saint Nicholas por la gran cantidad de dominicanos que se han establecido y transitan por estas v\u00edas, durante much\u00edsimos a\u00f1os\u201d, explic\u00f3 Batista Jakab.<\/p>\n\n\n\n<p>\u201cPara nosotros, estar celebrando hoy el d\u00eda de La Altagracia es sumamente importante, porque en nuestras memorias todos tenemos el recuerdo de una imagen de la virgen en casa de nuestros padres y abuelos\u201d, se\u00f1al\u00f3.<\/p>\n\n\n\n<p>\u201cCrecimos con la tradici\u00f3n de la imagen en cada hogar de la Rep\u00fablica Dominicana y la virgen de La Altagracia es un elemento cultural sumamente importante en nuestra cotidianidad, la virgen es parte de nuestra cultura, es mucho m\u00e1s que religi\u00f3n, es nuestra madre espiritual, la patrona de nuestro pueblo, es por lo que hoy la celebramos con bailes, cantos y un rosario a cargo de la directora del Departamento de Educaci\u00f3n del Comisionado Dominicano de Cultura, licenciada Fe Mar\u00eda Pichardo\u201d, dijo la comisionada.<\/p>\n\n\n\n<p>El 15 de agosto del 2022 se cumplen los primeros cien a\u00f1os de la coronaci\u00f3n de la imagen de la virgen de La Altagracia, que tuvo lugar en la ciudad de Santo Domingo durante el per\u00edodo de la ocupaci\u00f3n militar de Estados Unidos en 1916.<\/p>\n\n\n\n<p>La virgen ha sido canonizada oportunidades por dos pont\u00edfices cat\u00f3licos en fechas diferentes.<\/p>\n\n\n\n<p>La primera vez fue &nbsp;en 1922&nbsp; en el papado de &nbsp;P\u00edo XI &nbsp;y la segunda en 1979 durante la visita a la bas\u00edlica de Hig\u00fcey por el&nbsp; papa Juan Pablo II.<\/p>\n<\/div>\n<\/div>\n<\/div>\n<\/div>\n","protected":false},"excerpt":{"rendered":"<p>Miguel Cruz Tejada NUEVA YORK._ Cientos de dominicanos veneraron a la Virgen de La Altagracia durante una exhibici\u00f3n en el Alto Manhattan del dibujo de la santa del artista Jos\u00e9&hellip; <\/p>\n","protected":false},"author":3,"featured_media":0,"comment_status":"closed","ping_status":"closed","sticky":false,"template":"","format":"standard","meta":{"footnotes":""},"categories":[20],"tags":[],"class_list":["post-6477","post","type-post","status-publish","format-standard","hentry","category-internacionales"],"_links":{"self":[{"href":"https:\/\/lavozderd.com\/index.php?rest_route=\/wp\/v2\/posts\/6477","targetHints":{"allow":["GET"]}}],"collection":[{"href":"https:\/\/lavozderd.com\/index.php?rest_route=\/wp\/v2\/posts"}],"about":[{"href":"https:\/\/lavozderd.com\/index.php?rest_route=\/wp\/v2\/types\/post"}],"author":[{"embeddable":true,"href":"https:\/\/lavozderd.com\/index.php?rest_route=\/wp\/v2\/users\/3"}],"replies":[{"embeddable":true,"href":"https:\/\/lavozderd.com\/index.php?rest_route=%2Fwp%2Fv2%2Fcomments&post=6477"}],"version-history":[{"count":1,"href":"https:\/\/lavozderd.com\/index.php?rest_route=\/wp\/v2\/posts\/6477\/revisions"}],"predecessor-version":[{"id":6479,"href":"https:\/\/lavozderd.com\/index.php?rest_route=\/wp\/v2\/posts\/6477\/revisions\/6479"}],"wp:attachment":[{"href":"https:\/\/lavozderd.com\/index.php?rest_route=%2Fwp%2Fv2%2Fmedia&parent=6477"}],"wp:term":[{"taxonomy":"category","embeddable":true,"href":"https:\/\/lavozderd.com\/index.php?rest_route=%2Fwp%2Fv2%2Fcategories&post=6477"},{"taxonomy":"post_tag","embeddable":true,"href":"https:\/\/lavozderd.com\/index.php?rest_route=%2Fwp%2Fv2%2Ftags&post=6477"}],"curies":[{"name":"wp","href":"https:\/\/api.w.org\/{rel}","templated":true}]}}