{"id":6480,"date":"2022-01-25T09:07:54","date_gmt":"2022-01-25T14:07:54","guid":{"rendered":"https:\/\/lavozderd.com\/?p=6480"},"modified":"2022-01-25T09:07:58","modified_gmt":"2022-01-25T14:07:58","slug":"presidente-abinader-viaja-este-miercoles-a-san-francisco-de-macoris","status":"publish","type":"post","link":"https:\/\/lavozderd.com\/?p=6480","title":{"rendered":"Presidente Abinader viaja este mi\u00e9rcoles a San Francisco de Macor\u00eds"},"content":{"rendered":"\n<p>presidencia.gob.do<\/p>\n\n\n\n<div class=\"wp-block-columns is-layout-flex wp-container-core-columns-is-layout-9d6595d7 wp-block-columns-is-layout-flex\">\n<div class=\"wp-block-column is-layout-flow wp-block-column-is-layout-flow\">\n<figure class=\"wp-block-image size-large is-resized\"><img decoding=\"async\" src=\"https:\/\/lavozderd.com\/wp-content\/uploads\/2022\/01\/Presidente-Abinader-viaja-este-miercoles-a-San-Francisco-de-Macoris-1024x576.jpg\" alt=\"\" class=\"wp-image-6481\" width=\"700\" \/><\/figure>\n\n\n\n<div class=\"wp-block-columns is-layout-flex wp-container-core-columns-is-layout-9d6595d7 wp-block-columns-is-layout-flex\">\n<div class=\"wp-block-column is-layout-flow wp-block-column-is-layout-flow\" style=\"flex-basis:700px\">\n<p>Santo Domingo. &#8211; El Presidente Luis Abinader se trasladar\u00e1 este mi\u00e9rcoles 26 a San Francisco de Macor\u00eds para participar en varios actos, el primero, en honor a Juan Pablo Duarte, as\u00ed como inauguraci\u00f3n &nbsp;y primer palazo de diversas obras.<\/p>\n\n\n\n<p>La agenda de trabajo del mandatario inicia a las 10 de la ma\u00f1ana, con la participaci\u00f3n en el desfile en honor al Patricio Juan Pablo Duarte que tendr\u00e1 lugar frente al Ayuntamiento Municipal.<\/p>\n\n\n\n<p>Acto seguido, el mandatario visitar\u00e1 el programa de Asfaltado del Ministerio de Obras P\u00fablicas, en el Sector Salom\u00e9 Ure\u00f1a, esquina Gast\u00f3n Deligne.<\/p>\n\n\n\n<p>Posteriormente, encabezar\u00e1 la inauguraci\u00f3n del tramo carretero San Francisco &#8211; Cruce de Controba y sostendr\u00e1 un almuerzo con empresarios y comerciantes, en el local de la Asociaci\u00f3n de Mayoristas.<\/p>\n\n\n\n<p>M\u00e1s tarde, realizar\u00e1 una visita de supervisi\u00f3n a la construcci\u00f3n del Hospital Regional y dar\u00e1 el primer palazo del plan de reordenamiento de la ciudad de San Francisco de Macor\u00eds, en las instalaciones del INESPRE, frente al Estadio Juli\u00e1n Javier.<\/p>\n\n\n\n<p>Asimismo, participar\u00e1 en el primer palazo para la construcci\u00f3n de la primera planta de reciclaje y valorizaci\u00f3n de residuos s\u00f3lidos, de los grupos Viamar y Rizek, en el sector de Hatillo, carretera Villa Tapia.<\/p>\n<\/div>\n<\/div>\n<\/div>\n<\/div>\n","protected":false},"excerpt":{"rendered":"<p>presidencia.gob.do Santo Domingo. &#8211; El Presidente Luis Abinader se trasladar\u00e1 este mi\u00e9rcoles 26 a San Francisco de Macor\u00eds para participar en varios actos, el primero, en honor a Juan Pablo&hellip; <\/p>\n","protected":false},"author":3,"featured_media":0,"comment_status":"closed","ping_status":"closed","sticky":false,"template":"","format":"standard","meta":{"footnotes":""},"categories":[18,25],"tags":[],"class_list":["post-6480","post","type-post","status-publish","format-standard","hentry","category-noticias","category-portada"],"_links":{"self":[{"href":"https:\/\/lavozderd.com\/index.php?rest_route=\/wp\/v2\/posts\/6480","targetHints":{"allow":["GET"]}}],"collection":[{"href":"https:\/\/lavozderd.com\/index.php?rest_route=\/wp\/v2\/posts"}],"about":[{"href":"https:\/\/lavozderd.com\/index.php?rest_route=\/wp\/v2\/types\/post"}],"author":[{"embeddable":true,"href":"https:\/\/lavozderd.com\/index.php?rest_route=\/wp\/v2\/users\/3"}],"replies":[{"embeddable":true,"href":"https:\/\/lavozderd.com\/index.php?rest_route=%2Fwp%2Fv2%2Fcomments&post=6480"}],"version-history":[{"count":1,"href":"https:\/\/lavozderd.com\/index.php?rest_route=\/wp\/v2\/posts\/6480\/revisions"}],"predecessor-version":[{"id":6482,"href":"https:\/\/lavozderd.com\/index.php?rest_route=\/wp\/v2\/posts\/6480\/revisions\/6482"}],"wp:attachment":[{"href":"https:\/\/lavozderd.com\/index.php?rest_route=%2Fwp%2Fv2%2Fmedia&parent=6480"}],"wp:term":[{"taxonomy":"category","embeddable":true,"href":"https:\/\/lavozderd.com\/index.php?rest_route=%2Fwp%2Fv2%2Fcategories&post=6480"},{"taxonomy":"post_tag","embeddable":true,"href":"https:\/\/lavozderd.com\/index.php?rest_route=%2Fwp%2Fv2%2Ftags&post=6480"}],"curies":[{"name":"wp","href":"https:\/\/api.w.org\/{rel}","templated":true}]}}