{"id":6483,"date":"2022-01-25T09:10:12","date_gmt":"2022-01-25T14:10:12","guid":{"rendered":"https:\/\/lavozderd.com\/?p=6483"},"modified":"2022-01-25T09:10:16","modified_gmt":"2022-01-25T14:10:16","slug":"infotep-extendera-al-cono-sur-su-proyecto-de-capacitacion-a-la-diaspora-dominicana-residente-en-el-exterior","status":"publish","type":"post","link":"https:\/\/lavozderd.com\/?p=6483","title":{"rendered":"INFOTEP extender\u00e1 al Cono Sur su Proyecto de Capacitaci\u00f3n a la Di\u00e1spora Dominicana Residente en el Exterior"},"content":{"rendered":"\n<p>presidencia.gob.do<\/p>\n\n\n\n<div class=\"wp-block-columns is-layout-flex wp-container-core-columns-is-layout-9d6595d7 wp-block-columns-is-layout-flex\">\n<div class=\"wp-block-column is-layout-flow wp-block-column-is-layout-flow\">\n<figure class=\"wp-block-image size-large is-resized\"><img decoding=\"async\" src=\"https:\/\/lavozderd.com\/wp-content\/uploads\/2022\/01\/INFOTEP-extendera-al-Cono-Sur-su-Proyecto-de-Capacitacion-a-la-Diaspora-Dominicana-Residente-en-el-Exterior-1024x576.jpg\" alt=\"\" class=\"wp-image-6484\" width=\"700\" srcset=\"https:\/\/lavozderd.com\/wp-content\/uploads\/2022\/01\/INFOTEP-extendera-al-Cono-Sur-su-Proyecto-de-Capacitacion-a-la-Diaspora-Dominicana-Residente-en-el-Exterior-1024x576.jpg 1024w, https:\/\/lavozderd.com\/wp-content\/uploads\/2022\/01\/INFOTEP-extendera-al-Cono-Sur-su-Proyecto-de-Capacitacion-a-la-Diaspora-Dominicana-Residente-en-el-Exterior-300x169.jpg 300w, https:\/\/lavozderd.com\/wp-content\/uploads\/2022\/01\/INFOTEP-extendera-al-Cono-Sur-su-Proyecto-de-Capacitacion-a-la-Diaspora-Dominicana-Residente-en-el-Exterior-768x432.jpg 768w, https:\/\/lavozderd.com\/wp-content\/uploads\/2022\/01\/INFOTEP-extendera-al-Cono-Sur-su-Proyecto-de-Capacitacion-a-la-Diaspora-Dominicana-Residente-en-el-Exterior.jpg 1300w\" sizes=\"(max-width: 1024px) 100vw, 1024px\" \/><\/figure>\n\n\n\n<div class=\"wp-block-columns is-layout-flex wp-container-core-columns-is-layout-9d6595d7 wp-block-columns-is-layout-flex\">\n<div class=\"wp-block-column is-layout-flow wp-block-column-is-layout-flow\" style=\"flex-basis:700px\">\n<p>Santo Domingo.- El director general del Instituto Nacional de Formaci\u00f3n T\u00e9cnico Profesional (INFOTEP), Rafael Santos Bad\u00eda, trabajar\u00e1 en coordinaci\u00f3n con las embajadas dominicanas en Uruguay y en Chile, un proyecto de capacitaci\u00f3n para apoyar a la di\u00e1spora criolla residente en Uruguay, Argentina y Chile, compuesta por alrededor de 70 mil personas.<\/p>\n\n\n\n<p>Santos Bad\u00eda, en un encuentro celebrado con el embajador dominicano en Uruguay, Fidel Santana, expuso que las acciones para ofrecer carreras t\u00e9cnicas a dominicanos y dominicas que viven en el Cono Sur tambi\u00e9n se coordinar\u00e1n con el embajador dominicano en Chile, Fausto Rafael Liz Qui\u00f1ones.<\/p>\n\n\n\n<p>\u201cEn ese sentido, podemos decir que es muy importante poder nosotros tener algunas iniciativas de apoyo a esos dominicanos, cuyo \u00fanico puente de contacto con su pa\u00eds es la embajada. Hoy, estamos aprovechando la presencia en el pa\u00eds del embajador en Uruguay, para ponernos de acuerdo con este proyecto que iniciar\u00e1 con la formaci\u00f3n virtual\u201d, sostuvo.<\/p>\n\n\n\n<p>De su lado, Santana destac\u00f3 el inter\u00e9s de superarse que tienen los dominicanos en el exterior, a trav\u00e9s de la formaci\u00f3n t\u00e9cnica, para colocarse laboralmente en mejores posiciones y poder seguir ayudando al pa\u00eds con el env\u00edo de remesas.<\/p>\n\n\n\n<p>\u201cA trav\u00e9s del INFOTEP, el gobierno dominicano le da un espaldarazo a los ciudadanos que viven en el exterior. De modo que agradezco enormemente este gesto solidario\u201d, expuso el diplom\u00e1tico dominicano.<\/p>\n\n\n\n<p>El plan formativo se llevar\u00e1 a cabo en el marco del Proyecto de Capacitaci\u00f3n y Validaci\u00f3n de la Di\u00e1spora Dominicana Residente en el Exterior. Como parte de esa iniciativa, el pasado mes de septiembre el INFOTEP entreg\u00f3 los primeros certificados a 19 l\u00edderes dominicanos residentes en New Jersey, por haber concluido un curso sobre liderazgo transformador.<\/p>\n\n\n\n<p>Tambi\u00e9n fue iniciado, en octubre del a\u00f1o pasado, un programa de becas en \u00e1reas t\u00e9cnicas donde se han identificado oportunidades de trabajo, dirigido a dominicanos residentes en Estados Unidos, en coordinaci\u00f3n con el Instituto de Dominicanos y Dominicanas en el Exterior junto al Consulado Dominicano en Nueva York.<\/p>\n\n\n\n<p>Con iniciativas como estas se busca mejorar la calidad de vida y el nivel de bienestar de los emigrantes a trav\u00e9s de la formaci\u00f3n para el empleo.<\/p>\n<\/div>\n<\/div>\n<\/div>\n<\/div>\n","protected":false},"excerpt":{"rendered":"<p>presidencia.gob.do Santo Domingo.- El director general del Instituto Nacional de Formaci\u00f3n T\u00e9cnico Profesional (INFOTEP), Rafael Santos Bad\u00eda, trabajar\u00e1 en coordinaci\u00f3n con las embajadas dominicanas en Uruguay y en Chile, un&hellip; <\/p>\n","protected":false},"author":3,"featured_media":6484,"comment_status":"closed","ping_status":"closed","sticky":false,"template":"","format":"standard","meta":{"footnotes":""},"categories":[18],"tags":[],"class_list":["post-6483","post","type-post","status-publish","format-standard","has-post-thumbnail","hentry","category-noticias"],"_links":{"self":[{"href":"https:\/\/lavozderd.com\/index.php?rest_route=\/wp\/v2\/posts\/6483","targetHints":{"allow":["GET"]}}],"collection":[{"href":"https:\/\/lavozderd.com\/index.php?rest_route=\/wp\/v2\/posts"}],"about":[{"href":"https:\/\/lavozderd.com\/index.php?rest_route=\/wp\/v2\/types\/post"}],"author":[{"embeddable":true,"href":"https:\/\/lavozderd.com\/index.php?rest_route=\/wp\/v2\/users\/3"}],"replies":[{"embeddable":true,"href":"https:\/\/lavozderd.com\/index.php?rest_route=%2Fwp%2Fv2%2Fcomments&post=6483"}],"version-history":[{"count":1,"href":"https:\/\/lavozderd.com\/index.php?rest_route=\/wp\/v2\/posts\/6483\/revisions"}],"predecessor-version":[{"id":6485,"href":"https:\/\/lavozderd.com\/index.php?rest_route=\/wp\/v2\/posts\/6483\/revisions\/6485"}],"wp:featuredmedia":[{"embeddable":true,"href":"https:\/\/lavozderd.com\/index.php?rest_route=\/wp\/v2\/media\/6484"}],"wp:attachment":[{"href":"https:\/\/lavozderd.com\/index.php?rest_route=%2Fwp%2Fv2%2Fmedia&parent=6483"}],"wp:term":[{"taxonomy":"category","embeddable":true,"href":"https:\/\/lavozderd.com\/index.php?rest_route=%2Fwp%2Fv2%2Fcategories&post=6483"},{"taxonomy":"post_tag","embeddable":true,"href":"https:\/\/lavozderd.com\/index.php?rest_route=%2Fwp%2Fv2%2Ftags&post=6483"}],"curies":[{"name":"wp","href":"https:\/\/api.w.org\/{rel}","templated":true}]}}