{"id":6492,"date":"2022-01-25T09:27:51","date_gmt":"2022-01-25T14:27:51","guid":{"rendered":"https:\/\/lavozderd.com\/?p=6492"},"modified":"2022-01-25T09:27:55","modified_gmt":"2022-01-25T14:27:55","slug":"la-diputada-pediatra-y-perinatologa-margarita-tejada-llama-a-vacunar-ninos-de-5-anos","status":"publish","type":"post","link":"https:\/\/lavozderd.com\/?p=6492","title":{"rendered":"La diputada-pediatra y perinat\u00f3loga Margarita Tejada llama a vacunar ni\u00f1os de 5 a\u00f1os"},"content":{"rendered":"\n<div class=\"wp-block-columns is-layout-flex wp-container-core-columns-is-layout-9d6595d7 wp-block-columns-is-layout-flex\">\n<div class=\"wp-block-column is-layout-flow wp-block-column-is-layout-flow\">\n<figure class=\"wp-block-image size-full\"><img loading=\"lazy\" decoding=\"async\" width=\"700\" height=\"525\" src=\"https:\/\/lavozderd.com\/wp-content\/uploads\/2022\/01\/COVID-19-en-ninas-ninos-y-adolescentes.webp\" alt=\"\" class=\"wp-image-6493\" srcset=\"https:\/\/lavozderd.com\/wp-content\/uploads\/2022\/01\/COVID-19-en-ninas-ninos-y-adolescentes.webp 700w, https:\/\/lavozderd.com\/wp-content\/uploads\/2022\/01\/COVID-19-en-ninas-ninos-y-adolescentes-300x225.webp 300w\" sizes=\"auto, (max-width: 700px) 100vw, 700px\" \/><\/figure>\n<\/div>\n<\/div>\n\n\n\n<div class=\"wp-block-columns is-layout-flex wp-container-core-columns-is-layout-9d6595d7 wp-block-columns-is-layout-flex\">\n<div class=\"wp-block-column is-layout-flow wp-block-column-is-layout-flow\" style=\"flex-basis:700px\">\n<p>La diputada-pediatra y perinat\u00f3loga Margarita Tejada exhorta a los padres a vacunar a sus hijos menores de cinco a\u00f1os, ante el avance de los contagios de coronavirus.<\/p>\n\n\n\n<p>Afirma que la vacuna proteger\u00e1 a los infantes y permitir\u00e1 que salgan del encierro al que nos ha sometido a todos la pandemia, sumado al mantenimiento de las medidas sanitarias: distanciamiento social, uso de mascarilla y lavado de manos.<\/p>\n\n\n\n<p>La legisladora de San Crist\u00f3bal por el Partido Revolucionario Moderno (PRM) expres\u00f3 que vacunar a los ni\u00f1os, de manera que puedan seguir en la escuela y participar, de manera segura, en actividades deportivas, luego de estos dos a\u00f1os de encierro.<\/p>\n<\/div>\n<\/div>\n","protected":false},"excerpt":{"rendered":"<p>La diputada-pediatra y perinat\u00f3loga Margarita Tejada exhorta a los padres a vacunar a sus hijos menores de cinco a\u00f1os, ante el avance de los contagios de coronavirus. Afirma que la&hellip; <\/p>\n","protected":false},"author":3,"featured_media":6493,"comment_status":"closed","ping_status":"closed","sticky":false,"template":"","format":"standard","meta":{"footnotes":""},"categories":[22],"tags":[],"class_list":["post-6492","post","type-post","status-publish","format-standard","has-post-thumbnail","hentry","category-salud"],"_links":{"self":[{"href":"https:\/\/lavozderd.com\/index.php?rest_route=\/wp\/v2\/posts\/6492","targetHints":{"allow":["GET"]}}],"collection":[{"href":"https:\/\/lavozderd.com\/index.php?rest_route=\/wp\/v2\/posts"}],"about":[{"href":"https:\/\/lavozderd.com\/index.php?rest_route=\/wp\/v2\/types\/post"}],"author":[{"embeddable":true,"href":"https:\/\/lavozderd.com\/index.php?rest_route=\/wp\/v2\/users\/3"}],"replies":[{"embeddable":true,"href":"https:\/\/lavozderd.com\/index.php?rest_route=%2Fwp%2Fv2%2Fcomments&post=6492"}],"version-history":[{"count":1,"href":"https:\/\/lavozderd.com\/index.php?rest_route=\/wp\/v2\/posts\/6492\/revisions"}],"predecessor-version":[{"id":6494,"href":"https:\/\/lavozderd.com\/index.php?rest_route=\/wp\/v2\/posts\/6492\/revisions\/6494"}],"wp:featuredmedia":[{"embeddable":true,"href":"https:\/\/lavozderd.com\/index.php?rest_route=\/wp\/v2\/media\/6493"}],"wp:attachment":[{"href":"https:\/\/lavozderd.com\/index.php?rest_route=%2Fwp%2Fv2%2Fmedia&parent=6492"}],"wp:term":[{"taxonomy":"category","embeddable":true,"href":"https:\/\/lavozderd.com\/index.php?rest_route=%2Fwp%2Fv2%2Fcategories&post=6492"},{"taxonomy":"post_tag","embeddable":true,"href":"https:\/\/lavozderd.com\/index.php?rest_route=%2Fwp%2Fv2%2Ftags&post=6492"}],"curies":[{"name":"wp","href":"https:\/\/api.w.org\/{rel}","templated":true}]}}