{"id":6508,"date":"2022-01-25T10:23:58","date_gmt":"2022-01-25T15:23:58","guid":{"rendered":"https:\/\/lavozderd.com\/?p=6508"},"modified":"2022-01-25T10:24:03","modified_gmt":"2022-01-25T15:24:03","slug":"son-detenidos-39-inmigrantes-en-la-costa-noroeste-de-puerto-rico","status":"publish","type":"post","link":"https:\/\/lavozderd.com\/?p=6508","title":{"rendered":"Son detenidos 39 inmigrantes en la costa noroeste de Puerto Rico"},"content":{"rendered":"\n<div class=\"wp-block-columns is-layout-flex wp-container-core-columns-is-layout-9d6595d7 wp-block-columns-is-layout-flex\">\n<div class=\"wp-block-column is-layout-flow wp-block-column-is-layout-flow\">\n<figure class=\"wp-block-image size-full is-resized\"><img decoding=\"async\" src=\"https:\/\/lavozderd.com\/wp-content\/uploads\/2022\/01\/Guarda-Costa.jpg\" alt=\"\" class=\"wp-image-6509\" width=\"700\" srcset=\"https:\/\/lavozderd.com\/wp-content\/uploads\/2022\/01\/Guarda-Costa.jpg 640w, https:\/\/lavozderd.com\/wp-content\/uploads\/2022\/01\/Guarda-Costa-300x300.jpg 300w, https:\/\/lavozderd.com\/wp-content\/uploads\/2022\/01\/Guarda-Costa-150x150.jpg 150w\" sizes=\"(max-width: 640px) 100vw, 640px\" \/><\/figure>\n<\/div>\n<\/div>\n\n\n\n<div class=\"wp-block-columns is-layout-flex wp-container-core-columns-is-layout-9d6595d7 wp-block-columns-is-layout-flex\">\n<div class=\"wp-block-column is-layout-flow wp-block-column-is-layout-flow\" style=\"flex-basis:700px\">\n<p>Un total de 39 inmigrantes, cuya nacionalidad no fue revelada, fueron detenidos en Aguadilla, municipio de la costa noroeste de Puerto Rico, seg\u00fan inform\u00f3 este martes en un comunicado la Polic\u00eda de la isla caribe\u00f1a.<\/p>\n\n\n\n<p>El comunicado se\u00f1ala que a las 6.00 de la tarde del lunes (hora local), a unas 12 millas n\u00e1uticas del sector Martinica de Aguadilla, la Unidad Mar\u00edtima F.U.R.A. de la Polic\u00eda de Puerto Rico localiz\u00f3 una embarcaci\u00f3n en la que viajan 39 personas de estatus migratorio no definido, quienes intentaban arribar a la isla de forma irregular.<\/p>\n\n\n\n<p>La intervenci\u00f3n se realiz\u00f3 durante una operaci\u00f3n de patrulla preventiva, cuando fue detectada una embarcaci\u00f3n descrita como de fabricaci\u00f3n casera, de 31 pies (10 metros) de eslora, con dos motores fuera de borda, en la que viajaba un grupo compuesto por 5 mujeres y 34 hombres, todos mayores de edad.<\/p>\n\n\n\n<p>Los inmigrantes fueron entregados en alta mar a efectivos de la Guardia Costera de Estados Unidos, quienes asumieron la custodia. EFE<\/p>\n<\/div>\n<\/div>\n","protected":false},"excerpt":{"rendered":"<p>Un total de 39 inmigrantes, cuya nacionalidad no fue revelada, fueron detenidos en Aguadilla, municipio de la costa noroeste de Puerto Rico, seg\u00fan inform\u00f3 este martes en un comunicado la&hellip; <\/p>\n","protected":false},"author":3,"featured_media":6509,"comment_status":"closed","ping_status":"closed","sticky":false,"template":"","format":"standard","meta":{"footnotes":""},"categories":[18],"tags":[],"class_list":["post-6508","post","type-post","status-publish","format-standard","has-post-thumbnail","hentry","category-noticias"],"_links":{"self":[{"href":"https:\/\/lavozderd.com\/index.php?rest_route=\/wp\/v2\/posts\/6508","targetHints":{"allow":["GET"]}}],"collection":[{"href":"https:\/\/lavozderd.com\/index.php?rest_route=\/wp\/v2\/posts"}],"about":[{"href":"https:\/\/lavozderd.com\/index.php?rest_route=\/wp\/v2\/types\/post"}],"author":[{"embeddable":true,"href":"https:\/\/lavozderd.com\/index.php?rest_route=\/wp\/v2\/users\/3"}],"replies":[{"embeddable":true,"href":"https:\/\/lavozderd.com\/index.php?rest_route=%2Fwp%2Fv2%2Fcomments&post=6508"}],"version-history":[{"count":1,"href":"https:\/\/lavozderd.com\/index.php?rest_route=\/wp\/v2\/posts\/6508\/revisions"}],"predecessor-version":[{"id":6510,"href":"https:\/\/lavozderd.com\/index.php?rest_route=\/wp\/v2\/posts\/6508\/revisions\/6510"}],"wp:featuredmedia":[{"embeddable":true,"href":"https:\/\/lavozderd.com\/index.php?rest_route=\/wp\/v2\/media\/6509"}],"wp:attachment":[{"href":"https:\/\/lavozderd.com\/index.php?rest_route=%2Fwp%2Fv2%2Fmedia&parent=6508"}],"wp:term":[{"taxonomy":"category","embeddable":true,"href":"https:\/\/lavozderd.com\/index.php?rest_route=%2Fwp%2Fv2%2Fcategories&post=6508"},{"taxonomy":"post_tag","embeddable":true,"href":"https:\/\/lavozderd.com\/index.php?rest_route=%2Fwp%2Fv2%2Ftags&post=6508"}],"curies":[{"name":"wp","href":"https:\/\/api.w.org\/{rel}","templated":true}]}}