{"id":6530,"date":"2022-01-26T09:06:45","date_gmt":"2022-01-26T14:06:45","guid":{"rendered":"https:\/\/lavozderd.com\/?p=6530"},"modified":"2022-01-26T09:06:48","modified_gmt":"2022-01-26T14:06:48","slug":"delegacion-de-qatar-inicia-agenda-de-trabajo-en-rd","status":"publish","type":"post","link":"https:\/\/lavozderd.com\/?p=6530","title":{"rendered":"Delegaci\u00f3n de Qatar inicia agenda de trabajo en RD"},"content":{"rendered":"\n<p>presidencia.gob.do<\/p>\n\n\n\n<div class=\"wp-block-columns is-layout-flex wp-container-core-columns-is-layout-9d6595d7 wp-block-columns-is-layout-flex\">\n<div class=\"wp-block-column is-layout-flow wp-block-column-is-layout-flow\">\n<figure class=\"wp-block-image size-large is-resized\"><img decoding=\"async\" src=\"https:\/\/lavozderd.com\/wp-content\/uploads\/2022\/01\/Delegacion-de-Qatar-inicia-agenda-de-trabajo-en-RD-1024x576.jpeg\" alt=\"\" class=\"wp-image-6531\" width=\"700\" srcset=\"https:\/\/lavozderd.com\/wp-content\/uploads\/2022\/01\/Delegacion-de-Qatar-inicia-agenda-de-trabajo-en-RD-1024x576.jpeg 1024w, https:\/\/lavozderd.com\/wp-content\/uploads\/2022\/01\/Delegacion-de-Qatar-inicia-agenda-de-trabajo-en-RD-300x169.jpeg 300w, https:\/\/lavozderd.com\/wp-content\/uploads\/2022\/01\/Delegacion-de-Qatar-inicia-agenda-de-trabajo-en-RD-768x432.jpeg 768w, https:\/\/lavozderd.com\/wp-content\/uploads\/2022\/01\/Delegacion-de-Qatar-inicia-agenda-de-trabajo-en-RD.jpeg 1300w\" sizes=\"(max-width: 1024px) 100vw, 1024px\" \/><\/figure>\n\n\n\n<div class=\"wp-block-columns is-layout-flex wp-container-core-columns-is-layout-9d6595d7 wp-block-columns-is-layout-flex\">\n<div class=\"wp-block-column is-layout-flow wp-block-column-is-layout-flow\" style=\"flex-basis:700px\">\n<p>Santo Domingo.- La vicepresidenta de la Rep\u00fablica, Raquel Pe\u00f1a, comparti\u00f3 una cena de bienvenida en el Palacio Nacional con el ministro de Estado para los Asuntos Exteriores de Qatar, Soltan&nbsp;bin Saad Al-Muraikhi, junto a la delegaci\u00f3n que le acompa\u00f1a, quienes se encuentran en el pa\u00eds para desarrollar una agenda de trabajo enfocada en la inversi\u00f3n y cooperaci\u00f3n entre ambas naciones.<\/p>\n\n\n\n<p>En el encuentro se dio a conocer el panorama general en t\u00e9rminos econ\u00f3micos e inversiones de Rep\u00fablica Dominicana, as\u00ed como la agenda que ser\u00e1 desarrollada por la delegaci\u00f3n hasta el pr\u00f3ximo viernes 28.<\/p>\n\n\n\n<p>Acompa\u00f1aron a la vicemandataria, Roberto \u00c1lvarez, ministro de Relaciones Exteriores; V\u00edctor (Ito) Bison\u00f3, ministro de Industria, Comercio y Mipymes; Daniel Rivera, ministro de Salud P\u00fablica; Santiago Hazim, director del Seguro Nacional de Salud (Senasa) y Georges Bahsa, embajador de la Rep\u00fablica Dominicana en Qatar.<\/p>\n\n\n\n<p><strong>Agenda delegaci\u00f3n Qatar en Rep\u00fablica Dominicana<\/strong><\/p>\n\n\n\n<p>La delegaci\u00f3n de Qatar tiene previsto sostener encuentros con el presidente Abinader, la vicepresidenta Pe\u00f1a, ministros y otros funcionarios.&nbsp;<\/p>\n\n\n\n<p>Asimismo, realizar\u00e1n una visita para conocer m\u00e1s detalles del m\u00e1ster plan de desarrollo tur\u00edstico Proyecto Cabo Rojo-Pedernales, as\u00ed como otras atractivas oportunidades de inversi\u00f3n.<\/p>\n\n\n\n<p>Finalmente, participar\u00e1n en la presentaci\u00f3n de los avances y posibles acuerdos en materia de cooperaci\u00f3n e inversi\u00f3n que surjan durante el transcurso de la agenda de esta semana.<\/p>\n\n\n\n<p>Esta misi\u00f3n oficial est\u00e1 conformada, adem\u00e1s, por Issa bin Mohammed Al Mannai, director de Asuntos Americanos; Yaser Awad Al-Abdulla, encargado de Negocios Interino de la Embajada del Estado de Qatar en Santo Domingo; Salman Nabet Al Khulaifi, presidente del Departamento de Suram\u00e9rica y el Caribe en el Ministerio de Exteriores. A su vez, est\u00e1n acompa\u00f1ados de importantes autoridades, asesores, representantes e inversionistas.<\/p>\n<\/div>\n<\/div>\n<\/div>\n<\/div>\n","protected":false},"excerpt":{"rendered":"<p>presidencia.gob.do Santo Domingo.- La vicepresidenta de la Rep\u00fablica, Raquel Pe\u00f1a, comparti\u00f3 una cena de bienvenida en el Palacio Nacional con el ministro de Estado para los Asuntos Exteriores de Qatar,&hellip; <\/p>\n","protected":false},"author":3,"featured_media":6532,"comment_status":"closed","ping_status":"closed","sticky":false,"template":"","format":"standard","meta":{"footnotes":""},"categories":[18],"tags":[],"class_list":["post-6530","post","type-post","status-publish","format-standard","has-post-thumbnail","hentry","category-noticias"],"_links":{"self":[{"href":"https:\/\/lavozderd.com\/index.php?rest_route=\/wp\/v2\/posts\/6530","targetHints":{"allow":["GET"]}}],"collection":[{"href":"https:\/\/lavozderd.com\/index.php?rest_route=\/wp\/v2\/posts"}],"about":[{"href":"https:\/\/lavozderd.com\/index.php?rest_route=\/wp\/v2\/types\/post"}],"author":[{"embeddable":true,"href":"https:\/\/lavozderd.com\/index.php?rest_route=\/wp\/v2\/users\/3"}],"replies":[{"embeddable":true,"href":"https:\/\/lavozderd.com\/index.php?rest_route=%2Fwp%2Fv2%2Fcomments&post=6530"}],"version-history":[{"count":1,"href":"https:\/\/lavozderd.com\/index.php?rest_route=\/wp\/v2\/posts\/6530\/revisions"}],"predecessor-version":[{"id":6533,"href":"https:\/\/lavozderd.com\/index.php?rest_route=\/wp\/v2\/posts\/6530\/revisions\/6533"}],"wp:featuredmedia":[{"embeddable":true,"href":"https:\/\/lavozderd.com\/index.php?rest_route=\/wp\/v2\/media\/6532"}],"wp:attachment":[{"href":"https:\/\/lavozderd.com\/index.php?rest_route=%2Fwp%2Fv2%2Fmedia&parent=6530"}],"wp:term":[{"taxonomy":"category","embeddable":true,"href":"https:\/\/lavozderd.com\/index.php?rest_route=%2Fwp%2Fv2%2Fcategories&post=6530"},{"taxonomy":"post_tag","embeddable":true,"href":"https:\/\/lavozderd.com\/index.php?rest_route=%2Fwp%2Fv2%2Ftags&post=6530"}],"curies":[{"name":"wp","href":"https:\/\/api.w.org\/{rel}","templated":true}]}}