{"id":6540,"date":"2022-01-26T09:29:43","date_gmt":"2022-01-26T14:29:43","guid":{"rendered":"https:\/\/lavozderd.com\/?p=6540"},"modified":"2022-01-26T09:29:47","modified_gmt":"2022-01-26T14:29:47","slug":"se-otorgara-estatus-legal-a-haitianos-dice-director-de-migracion","status":"publish","type":"post","link":"https:\/\/lavozderd.com\/?p=6540","title":{"rendered":"Se otorgar\u00e1 estatus legal a haitianos, dice director de Migraci\u00f3n"},"content":{"rendered":"\n<div class=\"wp-block-columns is-layout-flex wp-container-core-columns-is-layout-9d6595d7 wp-block-columns-is-layout-flex\">\n<div class=\"wp-block-column is-layout-flow wp-block-column-is-layout-flow\">\n<figure class=\"wp-block-image size-full is-resized\"><img decoding=\"async\" src=\"https:\/\/lavozderd.com\/wp-content\/uploads\/2022\/01\/El-director-de-Migracion-Enrique-Garcia.jpg\" alt=\"\" class=\"wp-image-6541\" width=\"700\" \/><\/figure>\n<\/div>\n<\/div>\n\n\n\n<div class=\"wp-block-columns is-layout-flex wp-container-core-columns-is-layout-9d6595d7 wp-block-columns-is-layout-flex\">\n<div class=\"wp-block-column is-layout-flow wp-block-column-is-layout-flow\" style=\"flex-basis:700px\">\n<p>El director de Migraci\u00f3n, Enrique Garc\u00eda, adelant\u00f3 hoy que en los pr\u00f3ximos d\u00edas el Gobierno anunciar\u00e1 un plan de registro que busca otorgar estatus legal a nacionales haitianos.<\/p>\n\n\n\n<p>Al ser entrevistado en el programa \u201cHOY Mismo\u201d, Enrique Garc\u00eda, explic\u00f3 a modo de primicia cual ser\u00eda el esquema a desarrollar en dicho plan.<\/p>\n\n\n\n<p>\u201cEste que se va anunciar pr\u00f3ximamente si te va dar un estatus legal. Usted tiene 10 nacionales haitianos trabajando en su finca, construcci\u00f3n, le vamos a dar la posibilidad usted cumpliendo una serie de requisitos de que ya usted lo registre en Migraci\u00f3n\u201d, indic\u00f3 Garc\u00eda.<\/p>\n\n\n\n<p>\u201cEs un plan de registro. La \u00fanica diferencia es que usted va tener un contrato, anteriormente no lo ten\u00eda (\u2026) Si usted tiene sus 10 nacionales en la construcci\u00f3n suya porque usted es ingeniero, usted va tener que hacer 10 contratos a ellos. Va tener que inscribirlo en la TSS\u201d, dijo.<\/p>\n\n\n\n<p>\u201cVamos a comenzar con los que tienen pasaporte, los que tienen c\u00e9dula haitiana y los que tienen acta de nacimiento haitiana. Vamos a optar por esos tres documentos, acept\u00e1rselos los tres. De alguna forma tenemos que comenzar a organizar este desorden\u201d, refiri\u00f3 el director de Migraci\u00f3n.<\/p>\n\n\n\n<p>\u201cCarnet de trabajador temporero no residente por un a\u00f1o. Al a\u00f1o se venci\u00f3 el contrato, usted decidi\u00f3 no renovarlo bueno usted tiene que regresar a Hait\u00ed. Si usted decide renovarlo y \u00e9l cumple con los requisitos se le puede renovar otro a\u00f1o\u201d, explic\u00f3 sobre el tipo de documentaci\u00f3n que entregar\u00edan.<\/p>\n\n\n\n<p>Enrique Garc\u00eda confirm\u00f3 que sostuvo a una reuni\u00f3n el d\u00eda de ayer con el presidente Luis Abinader y el Gabinete e Migraci\u00f3n en donde fueron abordados estos aspectos, los cuales se dar\u00e1n a conocer.<\/p>\n\n\n\n<p>\u201cAyer la reuni\u00f3n termino con una resoluci\u00f3n que en los pr\u00f3ximos d\u00edas ser\u00e1 anunciada por el presidente o por el ministro de Interior. Donde primera vez que seriamente en la historia vamos a comenzar hacer un registro de nacionales haitianos\u201d, expres\u00f3 Garc\u00eda.<\/p>\n\n\n\n<p>\u201cEl problema con Hait\u00ed es seguridad nacional de nuestro pa\u00eds. Con un pa\u00eds que es ingobernable, que son las bandas que mandan all\u00ed, muchos por traspasar las fronteras nuestras y venir de este lado\u201d, puntualiz\u00f3.<\/p>\n\n\n\n<p>En otro orden, el director de Migraci\u00f3n asegur\u00f3 el desmantelamiento de una banda que dotaba de carnet a nacionales haitianos.<\/p>\n\n\n\n<p>Tambi\u00e9n podr\u00edas leer: Abel Mart\u00ednez: \u00abA Juan Pablo Duarte se le honra respetando Constituci\u00f3n\u00bb<\/p>\n\n\n\n<p>\u201cAyer terminamos de desmantelar una banda en Constanza que le otorgaba carnet falso a agricultores haitianos\u201d, se\u00f1al\u00f3.<\/p>\n\n\n\n<p>\u201cLamentablemente hay de todas las modalidades. No solamente Constanza es el pa\u00eds entero. Tenemos denuncias de todas partes y estamos abriendo una unidad en Constanza para atacar lo m\u00e1s posible eso\u201d, afirm\u00f3 Enrique Garc\u00eda.<\/p>\n<\/div>\n<\/div>\n","protected":false},"excerpt":{"rendered":"<p>El director de Migraci\u00f3n, Enrique Garc\u00eda, adelant\u00f3 hoy que en los pr\u00f3ximos d\u00edas el Gobierno anunciar\u00e1 un plan de registro que busca otorgar estatus legal a nacionales haitianos. Al ser&hellip; <\/p>\n","protected":false},"author":3,"featured_media":0,"comment_status":"closed","ping_status":"closed","sticky":false,"template":"","format":"standard","meta":{"footnotes":""},"categories":[18,25],"tags":[],"class_list":["post-6540","post","type-post","status-publish","format-standard","hentry","category-noticias","category-portada"],"_links":{"self":[{"href":"https:\/\/lavozderd.com\/index.php?rest_route=\/wp\/v2\/posts\/6540","targetHints":{"allow":["GET"]}}],"collection":[{"href":"https:\/\/lavozderd.com\/index.php?rest_route=\/wp\/v2\/posts"}],"about":[{"href":"https:\/\/lavozderd.com\/index.php?rest_route=\/wp\/v2\/types\/post"}],"author":[{"embeddable":true,"href":"https:\/\/lavozderd.com\/index.php?rest_route=\/wp\/v2\/users\/3"}],"replies":[{"embeddable":true,"href":"https:\/\/lavozderd.com\/index.php?rest_route=%2Fwp%2Fv2%2Fcomments&post=6540"}],"version-history":[{"count":1,"href":"https:\/\/lavozderd.com\/index.php?rest_route=\/wp\/v2\/posts\/6540\/revisions"}],"predecessor-version":[{"id":6542,"href":"https:\/\/lavozderd.com\/index.php?rest_route=\/wp\/v2\/posts\/6540\/revisions\/6542"}],"wp:attachment":[{"href":"https:\/\/lavozderd.com\/index.php?rest_route=%2Fwp%2Fv2%2Fmedia&parent=6540"}],"wp:term":[{"taxonomy":"category","embeddable":true,"href":"https:\/\/lavozderd.com\/index.php?rest_route=%2Fwp%2Fv2%2Fcategories&post=6540"},{"taxonomy":"post_tag","embeddable":true,"href":"https:\/\/lavozderd.com\/index.php?rest_route=%2Fwp%2Fv2%2Ftags&post=6540"}],"curies":[{"name":"wp","href":"https:\/\/api.w.org\/{rel}","templated":true}]}}