{"id":6558,"date":"2022-01-27T08:37:34","date_gmt":"2022-01-27T13:37:34","guid":{"rendered":"https:\/\/lavozderd.com\/?p=6558"},"modified":"2022-01-27T08:37:37","modified_gmt":"2022-01-27T13:37:37","slug":"colegio-dominicano-de-periodista-seccional-miami-celebran-el-dia-de-juan-pablo-duarte","status":"publish","type":"post","link":"https:\/\/lavozderd.com\/?p=6558","title":{"rendered":"Colegio Dominicano de Periodista, seccional Miami celebran el dia de Juan Pablo Duarte"},"content":{"rendered":"\n<p><strong>Miguel Acevedo<\/strong><\/p>\n\n\n\n<div class=\"wp-block-columns is-layout-flex wp-container-core-columns-is-layout-9d6595d7 wp-block-columns-is-layout-flex\">\n<div class=\"wp-block-column is-layout-flow wp-block-column-is-layout-flow\" style=\"flex-basis:700px\">\n<figure class=\"wp-block-image size-large is-resized\"><img decoding=\"async\" src=\"https:\/\/lavozderd.com\/wp-content\/uploads\/2022\/01\/CDP-1024x768.jpg\" alt=\"\" class=\"wp-image-6559\" width=\"700\" srcset=\"https:\/\/lavozderd.com\/wp-content\/uploads\/2022\/01\/CDP-1024x768.jpg 1024w, https:\/\/lavozderd.com\/wp-content\/uploads\/2022\/01\/CDP-300x225.jpg 300w, https:\/\/lavozderd.com\/wp-content\/uploads\/2022\/01\/CDP-768x576.jpg 768w, https:\/\/lavozderd.com\/wp-content\/uploads\/2022\/01\/CDP.jpg 1200w\" sizes=\"(max-width: 1024px) 100vw, 1024px\" \/><\/figure>\n\n\n\n<div class=\"wp-block-columns is-layout-flex wp-container-core-columns-is-layout-9d6595d7 wp-block-columns-is-layout-flex\">\n<div class=\"wp-block-column is-layout-flow wp-block-column-is-layout-flow\" style=\"flex-basis:700px\">\n<div class=\"wp-block-columns is-layout-flex wp-container-core-columns-is-layout-9d6595d7 wp-block-columns-is-layout-flex\">\n<div class=\"wp-block-column is-layout-flow wp-block-column-is-layout-flow\" style=\"flex-basis:700px\">\n<p>En un emotivo evento las organizaciones del sur de la Florida, se re\u00fanen en la ciudad de Miami, para rendir homenaje, al patricio Juan Pablo Duarte, con motivo del natalicio, del fundador y padre de la patria: Rep\u00fablica Dominicana.<\/p>\n\n\n\n<p>La actividad organizada por el Colegio Dominicanos de Periodistas y Dominicanos Siempre, cont\u00f3 con la presencia de los principales activistas y l\u00edderes de nuestra comunidad, los cuales participaron en la misma, con poemas, canciones y frases de la autor\u00eda de Juan Pablo Duarte, que reflejan su pensamiento y compromiso con la independencia de la nueva rep\u00fablica.<\/p>\n\n\n\n<p>Martina Soriano, Secretaria general del Colegio Dominicano de Periodistas de Miami y&nbsp; Miguel Acevedo, Director ejecutivo de Dominicanos Siempre, estuvieron a cargo de la organizaci\u00f3n del evento.&nbsp;<\/p>\n\n\n\n<p>En el que estuvieron presentes: Dellanira Herasme, presidente de ACROARTE, Edward Cruz, presidente del PRM y los activistas comunitario, Milqueya Luciano, Directora del del IDEX, Jose Alvarez, Director del Instituto Duartiano de Florida, Jose Garcia, encargado del C\u00edrculo de Poetas de Miami y un grupo de personalidades destacadas&nbsp; de la comunidad, entre ellos: Virgilio Garcia, Luisa Sanchez, Niurka Herrera, Ramon Marmolejos, Ana Ortega, Rafael Valdez, Orquidea Olivo y Rafael Calderon.<\/p>\n\n\n\n<p>Los comunitarios, hicieron el compromiso de continuar trabajando para promover los valores patrios y el pensamiento Duartiano, en cualquier lugar donde se encuentren. La actividad finaliz\u00f3, con canciones con los artistas Ysabel y Jose Vasquez, dedicadas a la patria y a Juan Pablo Duarte.&nbsp;<\/p>\n<\/div>\n<\/div>\n<\/div>\n<\/div>\n<\/div>\n<\/div>\n","protected":false},"excerpt":{"rendered":"<p>Miguel Acevedo En un emotivo evento las organizaciones del sur de la Florida, se re\u00fanen en la ciudad de Miami, para rendir homenaje, al patricio Juan Pablo Duarte, con motivo&hellip; <\/p>\n","protected":false},"author":3,"featured_media":6559,"comment_status":"closed","ping_status":"closed","sticky":false,"template":"","format":"standard","meta":{"footnotes":""},"categories":[20],"tags":[],"class_list":["post-6558","post","type-post","status-publish","format-standard","has-post-thumbnail","hentry","category-internacionales"],"_links":{"self":[{"href":"https:\/\/lavozderd.com\/index.php?rest_route=\/wp\/v2\/posts\/6558","targetHints":{"allow":["GET"]}}],"collection":[{"href":"https:\/\/lavozderd.com\/index.php?rest_route=\/wp\/v2\/posts"}],"about":[{"href":"https:\/\/lavozderd.com\/index.php?rest_route=\/wp\/v2\/types\/post"}],"author":[{"embeddable":true,"href":"https:\/\/lavozderd.com\/index.php?rest_route=\/wp\/v2\/users\/3"}],"replies":[{"embeddable":true,"href":"https:\/\/lavozderd.com\/index.php?rest_route=%2Fwp%2Fv2%2Fcomments&post=6558"}],"version-history":[{"count":1,"href":"https:\/\/lavozderd.com\/index.php?rest_route=\/wp\/v2\/posts\/6558\/revisions"}],"predecessor-version":[{"id":6560,"href":"https:\/\/lavozderd.com\/index.php?rest_route=\/wp\/v2\/posts\/6558\/revisions\/6560"}],"wp:featuredmedia":[{"embeddable":true,"href":"https:\/\/lavozderd.com\/index.php?rest_route=\/wp\/v2\/media\/6559"}],"wp:attachment":[{"href":"https:\/\/lavozderd.com\/index.php?rest_route=%2Fwp%2Fv2%2Fmedia&parent=6558"}],"wp:term":[{"taxonomy":"category","embeddable":true,"href":"https:\/\/lavozderd.com\/index.php?rest_route=%2Fwp%2Fv2%2Fcategories&post=6558"},{"taxonomy":"post_tag","embeddable":true,"href":"https:\/\/lavozderd.com\/index.php?rest_route=%2Fwp%2Fv2%2Ftags&post=6558"}],"curies":[{"name":"wp","href":"https:\/\/api.w.org\/{rel}","templated":true}]}}