{"id":6561,"date":"2022-01-27T08:40:29","date_gmt":"2022-01-27T13:40:29","guid":{"rendered":"https:\/\/lavozderd.com\/?p=6561"},"modified":"2022-01-27T08:40:33","modified_gmt":"2022-01-27T13:40:33","slug":"el-papa-nombra-primer-obispo-auxiliar-de-origen-dominicano-en-nueva-york-el-sacerdote-rapero-joseph-espaillat","status":"publish","type":"post","link":"https:\/\/lavozderd.com\/?p=6561","title":{"rendered":"El Papa nombra primer obispo auxiliar de origen dominicano en Nueva York, el sacerdote rapero Joseph Espaillat"},"content":{"rendered":"\n<p><strong>Miguel Cruz Tejada<\/strong><\/p>\n\n\n\n<div class=\"wp-block-columns is-layout-flex wp-container-core-columns-is-layout-9d6595d7 wp-block-columns-is-layout-flex\">\n<div class=\"wp-block-column is-layout-flow wp-block-column-is-layout-flow\" style=\"flex-basis:700px\">\n<figure class=\"wp-block-image size-large is-resized\"><img decoding=\"async\" src=\"https:\/\/lavozderd.com\/wp-content\/uploads\/2022\/01\/thumbnail_El-Papa-nombra-primer-obispo-auxiliar-de-origen-dominicano-1024x573.jpg\" alt=\"\" class=\"wp-image-6562\" width=\"700\" srcset=\"https:\/\/lavozderd.com\/wp-content\/uploads\/2022\/01\/thumbnail_El-Papa-nombra-primer-obispo-auxiliar-de-origen-dominicano-1024x573.jpg 1024w, https:\/\/lavozderd.com\/wp-content\/uploads\/2022\/01\/thumbnail_El-Papa-nombra-primer-obispo-auxiliar-de-origen-dominicano-300x168.jpg 300w, https:\/\/lavozderd.com\/wp-content\/uploads\/2022\/01\/thumbnail_El-Papa-nombra-primer-obispo-auxiliar-de-origen-dominicano-768x430.jpg 768w, https:\/\/lavozderd.com\/wp-content\/uploads\/2022\/01\/thumbnail_El-Papa-nombra-primer-obispo-auxiliar-de-origen-dominicano.jpg 1280w\" sizes=\"(max-width: 1024px) 100vw, 1024px\" \/><figcaption>NUEVA YORK._\u00a0 El sacerdote de origen dominicano Joseph Espaillat, el sacerdote rapero fue designado como obispo auxiliar en la Arquidi\u00f3cesis de Nueva York por el Papa Francisco. \u00a0(Fuente externa).<\/figcaption><\/figure>\n\n\n\n<div class=\"wp-block-columns is-layout-flex wp-container-core-columns-is-layout-9d6595d7 wp-block-columns-is-layout-flex\">\n<div class=\"wp-block-column is-layout-flow wp-block-column-is-layout-flow\" style=\"flex-basis:700px\">\n<p>NUEVA YORK._ El Papa Francisco nombr\u00f3 al primer obispo auxiliar de origen dominicano en la arquidi\u00f3cesis de Nueva York, el sacerdote rapero Joseph Espaillat, quien actualmente es p\u00e1rroco de la iglesia San Antonio de Padua en el Sur de El Bronx donde fue designado en 2015, anunci\u00f3 ayer mi\u00e9rcoles la Agencia Cat\u00f3lica de Noticias (CNA, ingl\u00e9s) con sede en El Vaticano.<\/p>\n\n\n\n<p>La agencia detall\u00f3 que el anuncio oficial sobre el nombramiento de Espaillat lo hizo a trav\u00e9s de ese medio Christophe Pierre, nuncio apost\u00f3lico en los Estados Unidos.<\/p>\n\n\n\n<p>Espaillat es conocido como el sacerdote rapero porque en sus misas incluye el g\u00e9nero urbano del Rap para atraer a los j\u00f3venes a la congregaci\u00f3n y dice que ha sido muy criticado por ello, pero que su objetivo es comunicar un mensaje atractivo a los j\u00f3venes que mayoritariamente siguen la m\u00fasica urbana.<\/p>\n\n\n\n<p>Ser\u00e1 ordenado como obispo auxiliar el primero de marzo en la catedral de San Patricio en Manhattan.<\/p>\n\n\n\n<p>Espaillat que naci\u00f3 y se cri\u00f3 en Nueva York es hijo de padres dominicanos emigrados desde la Rep\u00fablica Dominicana y se declara devoto fan\u00e1tico de la virgen de La Altagracia y aferrado a los valores, tradiciones, costumbres y cultura de los dominicanos.<\/p>\n\n\n\n<p>Espaillat naci\u00f3 el 27 de diciembre de 1976, tiene 45 a\u00f1os de edad &nbsp;y fue criado en Manhattan por sus padres, asisti\u00f3 a la Escuela Preparatoria de la Catedral de ese condado y obtuvo una licenciatura en filosof\u00eda en la Universidad de Fordham en 1998.<\/p>\n\n\n\n<p>El 17 de mayo de 2003 fue ordenado sacerdote.<\/p>\n\n\n\n<p>El nombramiento del Papa &nbsp;lo convierte en el obispo cat\u00f3lico m\u00e1s joven de los Estados Unidos y uno de los m\u00e1s j\u00f3venes del mundo.<\/p>\n\n\n\n<p>Es actualmente el director de la Renovaci\u00f3n Carism\u00e1tica Cat\u00f3lica Hispana en la arquidi\u00f3cesis de Nueva York.<\/p>\n\n\n\n<p>Espaillat lanz\u00f3 un podcast y una serie en YouTube llamada &nbsp;denominados \u00abSantidad en la ciudad\u00bb en 2021.<\/p>\n\n\n\n<p>En un video que promociona el lanzamiento, Espaillat, quien tambi\u00e9n se hace llamar Padre J, dijo que el podcast incluir\u00eda discusiones sobre fe, m\u00fasica, deportes, moda y cultura pop.<\/p>\n\n\n\n<p>\u00abVamos a hablar de Pop Smoke. Vamos a hablar de Kanye. Vamos a hablar de Kim Kardashian. Vamos a hablar de todo bajo el sol, y de Cardi B\u00bb, dijo Espaillat.<\/p>\n\n\n\n<p>Considerado orador destacado en las conferencias juveniles de Steubenville, Espaillat dice que le encanta administrar los sacramentos, jugar softbol y baloncesto, escribir poes\u00eda y rapear.<\/p>\n\n\n\n<p>Mientras estaba en el Seminario de San Jos\u00e9 en Dunwoodie, Nueva York, obtuvo una Maestr\u00eda en Divinidad en Teolog\u00eda y una Maestr\u00eda en Artes en Teolog\u00eda, especializ\u00e1ndose en historia de la iglesia.<\/p>\n\n\n\n<p>Fue p\u00e1rroco en la iglesia &nbsp;San Pedro en Yonkers y vicario parroquial en la iglesia Nuestra Se\u00f1ora Reina de los M\u00e1rtires en Manhattan.<\/p>\n\n\n\n<p>La Arquidi\u00f3cesis de Nueva York tiene una poblaci\u00f3n total de 6.2 millones, 2.81 millones de los cuales son cat\u00f3licos.<\/p>\n\n\n\n<p>El cardenal Timothy M. Dolan ha servido como arzobispo de Nueva York desde 2009.<\/p>\n\n\n\n<p>\u00abEl Papa Francisco ha seleccionado a dos sacerdotes sobresalientes, ambos pastores experimentados, para servir al pueblo de Dios de esta arquidi\u00f3cesis como obispos auxiliares\u00bb, dijo Dolan en un comunicado en el sitio web de la arquidi\u00f3cesis.<\/p>\n\n\n\n<p>\u00abEspero con inter\u00e9s trabajar a\u00fan m\u00e1s estrechamente con los obispos Bonnici y Espaillat, a medida que asumen este nuevo papel en su sacerdocio\u00bb.<\/p>\n\n\n\n<p>Con la adici\u00f3n de Espaillat y el sacerdote Bonnici, habr\u00e1 un total de cinco obispos auxiliares activos sirviendo en la Arquidi\u00f3cesis de Nueva York.<\/p>\n\n\n\n<p>Situaci\u00f3n en Nueva York<\/p>\n\n\n\n<p>El obispo dominicano se refiri\u00f3 a la situaci\u00f3n de violencia armada y pand\u00e9mica que se vive en Nueva York.<\/p>\n\n\n\n<p>\u201cEn mis oraciones est\u00e1 la petici\u00f3n de que nosotros nos renovemos aqu\u00ed en Nueva York, que empecemos aqu\u00ed porque no podemos empezar fuera, somos la capital del mundo y si somos honestos aqu\u00ed, podemos transmitirlo al mundo entero\u201d, dijo.<\/p>\n\n\n\n<p>Sobre los asesinatos de los polic\u00edas dominicanos Jason Rivera y Wilbert Mora, dijo que conoce a una de las dos familias.<\/p>\n\n\n\n<p>\u201cEstamos en oraci\u00f3n por ellos para que cese la violencia, eso es lo que tiene que pasar, que nosotros nos amemos y que trabajemos juntos y unidos\u201d, expres\u00f3.<\/p>\n\n\n\n<p>Asegur\u00f3 que continuar\u00e1 tocando y cantando el g\u00e9nero Rap para evangelizar.<\/p>\n\n\n\n<p>\u201cHay mucha gente que me han mal interpretado diciendo que c\u00f3mo es que \u00e9l, que es sacerdote canta y baila la m\u00fasica rapera. No es que yo est\u00e9 glorificando esa m\u00fasica, estoy tratando de entrar a los cerebros de ellos para que escuchen el mensaje\u201d, se\u00f1al\u00f3.<\/p>\n\n\n\n<p>\u201cSi no les damos algo que escuchar, si nosotros no les damos una esperanza, \u00bfqui\u00e9n se las va a dar?\u201d, sostuvo el obispo auxiliar.<\/p>\n\n\n\n<p>\u201cCon esta m\u00fasica busco que los j\u00f3venes se animen y escuchen algo diferente.\u201d, precis\u00f3.<\/p>\n\n\n\n<p>Orgulloso de su origen dominicano dijo que siempre pone en pr\u00e1ctica lo que aprendi\u00f3 de sus padres.<\/p>\n\n\n\n<p>\u201cAl pueblo dominicano, \u00e1nimo, \u00e1nimo, Nueva York nos necesita ahora, no es ma\u00f1ana ni pasado ma\u00f1ana, es ahora y que cese la diferencia en este mundo, que cese la violencia, la guerra y todas las cosas que no viven en Dios y que no permiten la paz y la armon\u00eda\u201d, dijo.<\/p>\n<\/div>\n<\/div>\n<\/div>\n<\/div>\n","protected":false},"excerpt":{"rendered":"<p>Miguel Cruz Tejada NUEVA YORK._ El Papa Francisco nombr\u00f3 al primer obispo auxiliar de origen dominicano en la arquidi\u00f3cesis de Nueva York, el sacerdote rapero Joseph Espaillat, quien actualmente es&hellip; <\/p>\n","protected":false},"author":3,"featured_media":6562,"comment_status":"closed","ping_status":"closed","sticky":false,"template":"","format":"standard","meta":{"footnotes":""},"categories":[20],"tags":[],"class_list":["post-6561","post","type-post","status-publish","format-standard","has-post-thumbnail","hentry","category-internacionales"],"_links":{"self":[{"href":"https:\/\/lavozderd.com\/index.php?rest_route=\/wp\/v2\/posts\/6561","targetHints":{"allow":["GET"]}}],"collection":[{"href":"https:\/\/lavozderd.com\/index.php?rest_route=\/wp\/v2\/posts"}],"about":[{"href":"https:\/\/lavozderd.com\/index.php?rest_route=\/wp\/v2\/types\/post"}],"author":[{"embeddable":true,"href":"https:\/\/lavozderd.com\/index.php?rest_route=\/wp\/v2\/users\/3"}],"replies":[{"embeddable":true,"href":"https:\/\/lavozderd.com\/index.php?rest_route=%2Fwp%2Fv2%2Fcomments&post=6561"}],"version-history":[{"count":1,"href":"https:\/\/lavozderd.com\/index.php?rest_route=\/wp\/v2\/posts\/6561\/revisions"}],"predecessor-version":[{"id":6563,"href":"https:\/\/lavozderd.com\/index.php?rest_route=\/wp\/v2\/posts\/6561\/revisions\/6563"}],"wp:featuredmedia":[{"embeddable":true,"href":"https:\/\/lavozderd.com\/index.php?rest_route=\/wp\/v2\/media\/6562"}],"wp:attachment":[{"href":"https:\/\/lavozderd.com\/index.php?rest_route=%2Fwp%2Fv2%2Fmedia&parent=6561"}],"wp:term":[{"taxonomy":"category","embeddable":true,"href":"https:\/\/lavozderd.com\/index.php?rest_route=%2Fwp%2Fv2%2Fcategories&post=6561"},{"taxonomy":"post_tag","embeddable":true,"href":"https:\/\/lavozderd.com\/index.php?rest_route=%2Fwp%2Fv2%2Ftags&post=6561"}],"curies":[{"name":"wp","href":"https:\/\/api.w.org\/{rel}","templated":true}]}}