{"id":6567,"date":"2022-01-27T08:47:07","date_gmt":"2022-01-27T13:47:07","guid":{"rendered":"https:\/\/lavozderd.com\/?p=6567"},"modified":"2022-01-27T08:47:11","modified_gmt":"2022-01-27T13:47:11","slug":"presidente-abinader-recibe-a-david-ortiz","status":"publish","type":"post","link":"https:\/\/lavozderd.com\/?p=6567","title":{"rendered":"Presidente Abinader recibe a David Ortiz"},"content":{"rendered":"\n<p>presidencia.gob.do<\/p>\n\n\n\n<div class=\"wp-block-columns is-layout-flex wp-container-core-columns-is-layout-9d6595d7 wp-block-columns-is-layout-flex\">\n<div class=\"wp-block-column is-layout-flow wp-block-column-is-layout-flow\">\n<figure class=\"wp-block-image size-large is-resized\"><img decoding=\"async\" src=\"https:\/\/lavozderd.com\/wp-content\/uploads\/2022\/01\/Presidente-Abinader-recibe-a-David-Ortiz-1024x576.jpeg\" alt=\"\" class=\"wp-image-6568\" width=\"700\" srcset=\"https:\/\/lavozderd.com\/wp-content\/uploads\/2022\/01\/Presidente-Abinader-recibe-a-David-Ortiz-1024x576.jpeg 1024w, https:\/\/lavozderd.com\/wp-content\/uploads\/2022\/01\/Presidente-Abinader-recibe-a-David-Ortiz-300x169.jpeg 300w, https:\/\/lavozderd.com\/wp-content\/uploads\/2022\/01\/Presidente-Abinader-recibe-a-David-Ortiz-768x432.jpeg 768w, https:\/\/lavozderd.com\/wp-content\/uploads\/2022\/01\/Presidente-Abinader-recibe-a-David-Ortiz.jpeg 1300w\" sizes=\"(max-width: 1024px) 100vw, 1024px\" \/><\/figure>\n<\/div>\n<\/div>\n\n\n\n<div class=\"wp-block-columns is-layout-flex wp-container-core-columns-is-layout-9d6595d7 wp-block-columns-is-layout-flex\">\n<div class=\"wp-block-column is-layout-flow wp-block-column-is-layout-flow\" style=\"flex-basis:700px\">\n<p>Santo Domingo. &#8211; El presidente de la Rep\u00fablica, Luis Abinader, recibi\u00f3 esta tarde en su despacho al exjugador de Grandes Ligas, David Ortiz, quien fue electo el martes por la Asociaci\u00f3n de Escritores de B\u00e9isbol de Am\u00e9rica para ingresar al Sal\u00f3n de la Fama del de Cooperstown, el honor m\u00e1s importante de la pelota estadounidense.<\/p>\n\n\n\n<p>Ortiz lleg\u00f3 al Palacio Nacional a las 5:35 de la tarde y permaneci\u00f3 all\u00ed por m\u00e1s de media hora.<\/p>\n\n\n\n<p>El presidente Abinader recibi\u00f3 al estelar exjugador de Grandes Ligas, junto los ministros de la Presidencia, Lisandro Macarrulla; y de Deportes, Francisco Camacho.<\/p>\n\n\n\n<p>David Ortiz estuvo acompa\u00f1ado de su hermano Eloy, su amigo Santos Caraballo y su asesor de prensa, Ram\u00f3n Carmona.<\/p>\n\n\n\n<p>La conversaci\u00f3n entre el presidente Abinader y David Ortiz fue muy amena, conversando sobre diversos t\u00f3picos, adem\u00e1s del b\u00e9isbol.<\/p>\n\n\n\n<p>Ortiz agradeci\u00f3 al presidente Abinader que lo recibiera hoy en Palacio, y la llamada que le hiciera el mandatario en el d\u00eda de ayer para felicitarle.<\/p>\n<\/div>\n<\/div>\n","protected":false},"excerpt":{"rendered":"<p>presidencia.gob.do Santo Domingo. &#8211; El presidente de la Rep\u00fablica, Luis Abinader, recibi\u00f3 esta tarde en su despacho al exjugador de Grandes Ligas, David Ortiz, quien fue electo el martes por&hellip; <\/p>\n","protected":false},"author":3,"featured_media":6568,"comment_status":"closed","ping_status":"closed","sticky":false,"template":"","format":"standard","meta":{"footnotes":""},"categories":[18,25],"tags":[],"class_list":["post-6567","post","type-post","status-publish","format-standard","has-post-thumbnail","hentry","category-noticias","category-portada"],"_links":{"self":[{"href":"https:\/\/lavozderd.com\/index.php?rest_route=\/wp\/v2\/posts\/6567","targetHints":{"allow":["GET"]}}],"collection":[{"href":"https:\/\/lavozderd.com\/index.php?rest_route=\/wp\/v2\/posts"}],"about":[{"href":"https:\/\/lavozderd.com\/index.php?rest_route=\/wp\/v2\/types\/post"}],"author":[{"embeddable":true,"href":"https:\/\/lavozderd.com\/index.php?rest_route=\/wp\/v2\/users\/3"}],"replies":[{"embeddable":true,"href":"https:\/\/lavozderd.com\/index.php?rest_route=%2Fwp%2Fv2%2Fcomments&post=6567"}],"version-history":[{"count":1,"href":"https:\/\/lavozderd.com\/index.php?rest_route=\/wp\/v2\/posts\/6567\/revisions"}],"predecessor-version":[{"id":6569,"href":"https:\/\/lavozderd.com\/index.php?rest_route=\/wp\/v2\/posts\/6567\/revisions\/6569"}],"wp:featuredmedia":[{"embeddable":true,"href":"https:\/\/lavozderd.com\/index.php?rest_route=\/wp\/v2\/media\/6568"}],"wp:attachment":[{"href":"https:\/\/lavozderd.com\/index.php?rest_route=%2Fwp%2Fv2%2Fmedia&parent=6567"}],"wp:term":[{"taxonomy":"category","embeddable":true,"href":"https:\/\/lavozderd.com\/index.php?rest_route=%2Fwp%2Fv2%2Fcategories&post=6567"},{"taxonomy":"post_tag","embeddable":true,"href":"https:\/\/lavozderd.com\/index.php?rest_route=%2Fwp%2Fv2%2Ftags&post=6567"}],"curies":[{"name":"wp","href":"https:\/\/api.w.org\/{rel}","templated":true}]}}