{"id":6584,"date":"2022-01-27T09:46:06","date_gmt":"2022-01-27T14:46:06","guid":{"rendered":"https:\/\/lavozderd.com\/?p=6584"},"modified":"2022-01-27T09:46:12","modified_gmt":"2022-01-27T14:46:12","slug":"el-boletin-epidemiologico-numero-678-notifica-61450-casos-positivos-en-menores-de-20-anos","status":"publish","type":"post","link":"https:\/\/lavozderd.com\/?p=6584","title":{"rendered":"El bolet\u00edn epidemiol\u00f3gico n\u00famero 678 notifica 61,450 casos positivos en menores de 20 a\u00f1os"},"content":{"rendered":"\n<div class=\"wp-block-columns is-layout-flex wp-container-core-columns-is-layout-9d6595d7 wp-block-columns-is-layout-flex\">\n<div class=\"wp-block-column is-layout-flow wp-block-column-is-layout-flow\">\n<figure class=\"wp-block-image size-full is-resized\"><img decoding=\"async\" src=\"https:\/\/lavozderd.com\/wp-content\/uploads\/2022\/01\/LA-PANDEMIA.jpg\" alt=\"\" class=\"wp-image-6585\" width=\"700\" srcset=\"https:\/\/lavozderd.com\/wp-content\/uploads\/2022\/01\/LA-PANDEMIA.jpg 1000w, https:\/\/lavozderd.com\/wp-content\/uploads\/2022\/01\/LA-PANDEMIA-300x189.jpg 300w, https:\/\/lavozderd.com\/wp-content\/uploads\/2022\/01\/LA-PANDEMIA-768x485.jpg 768w\" sizes=\"(max-width: 1000px) 100vw, 1000px\" \/><\/figure>\n<\/div>\n<\/div>\n\n\n\n<div class=\"wp-block-columns is-layout-flex wp-container-core-columns-is-layout-9d6595d7 wp-block-columns-is-layout-flex\">\n<div class=\"wp-block-column is-layout-flow wp-block-column-is-layout-flow\" style=\"flex-basis:700px\">\n<p>El bolet\u00edn epidemiol\u00f3gico n\u00famero 678 emitido ayer, notifica 61,450 casos positivos confirmados del virus en menores de 20 a\u00f1os desde el inicio de la pandemia; 1,818 en embarazadas y 2,251 en trabajadores de la salud.<\/p>\n\n\n\n<p>En las \u00faltimas 24 horas se procesaron 17,243 muestras de laboratorio, con una positividad diaria del 28.56% y de las \u00faltimas cuatro semanas en 29.50%.<\/p>\n\n\n\n<p>Ayer el Distrito Nacional y cinco provincias registraron la mayor cantidad de casos positivos del virus. En la provincia de Santo Domingo se detectaron 671 casos nuevos, seguida por el Distrito Nacional con 598, Santiago con 302; La Vega con 239; San Juan de la Maguana con 169 y Duarte 107.<\/p>\n\n\n\n<p>Dos nuevas defunciones a causa del Covid-19 notific\u00f3 ayer el Ministerio de Salud P\u00fablica, elevando las cifras de muertes a 4,293 en el pa\u00eds, mientras se registraron 2,763 nuevos positivos del virus captados en las \u00faltimas 24 horas.<\/p>\n\n\n\n<p>Dentro de los fallecidos por Covid-19, la Direcci\u00f3n Nacional de Epidemiolog\u00eda registra 47 decesos en menores de 19 a\u00f1os: 73 en embarazadas y 23 en trabajadores del sector salud, aunque el Colegio M\u00e9dico Dominicano (CMD) estima que las muertes en estos \u00faltimos supera los 80 casos.<\/p>\n\n\n\n<p>Los casos activos del virus se colocan en 19,609 casos, mostrando una reducci\u00f3n en comparaci\u00f3n con d\u00edas anteriores, cuando llegaron a superar los 40 mil. El pa\u00eds muestra un total de 547,091 registrados acumulados de diagn\u00f3sticos positivos y 523,189 pacientes recuperados.<\/p>\n\n\n\n<p>El sistema report\u00f3 ayer 666 pacientes hospitalizados para un 28 por ciento de ocupaci\u00f3n de las camas regulares Covid-19 y 236 en Unidades de Cuidados Intensivos (UCI) para una ocupaci\u00f3n de un 40 por ciento de las camas habilitadas.<\/p>\n\n\n\n<p>Un total de 131 pacientes estaban ayer conectados a ventiladores, para un 28 por ciento de ocupaci\u00f3n.<\/p>\n\n\n\n<p>En las \u00faltimas 24 horas se hicieron 7,017 pruebas de Reacci\u00f3n en Cadena de la Polimerasa (PCR) y 10,226 de ant\u00edgeno, de las que 9,674 se hicieron por primera vez y 7,569 fueron subsecuentes.<\/p>\n\n\n\n<p>En el pa\u00eds se han procesado 2,919,647 muestras de laboratorio desde que inici\u00f3 la pandemia, equivalente a 279,432 por mill\u00f3n de personas.<\/p>\n\n\n\n<p>En torno a la capacidad de respuesta hospitalaria del pa\u00eds frente a la pandemia, ayer la doctora Yocasta Lara, encargada de la red p\u00fablica hospitalaria del Servicio Nacional de Salud (SNS), asegur\u00f3 que el pa\u00eds tiene camas, medicamentos e insumos suficientes para seguir dando respuesta a la demanda nacional.<\/p>\n\n\n\n<p>La Red P\u00fablica Hospitalaria habilitada para Covid-19 dispone de 1,489 camas de hospitalizaci\u00f3n, 316 de UCI y 280 ventiladores, inform\u00f3 Yocasta Lara.<\/p>\n\n\n\n<p>Ayer, agreg\u00f3, se ten\u00edan 288 camas regulares en uso, 125 de cuidados intensivos y 83 ventiladores, lo que equivale a una ocupaci\u00f3n del 19%, 40% y 30% respectivamente.<\/p>\n\n\n\n<p>Dijo que diariamente hace un levantamiento y un recorrido de supervisi\u00f3n por los centros de salud y se percata de que todos est\u00e9n en capacidad resolutiva.<\/p>\n<\/div>\n<\/div>\n","protected":false},"excerpt":{"rendered":"<p>El bolet\u00edn epidemiol\u00f3gico n\u00famero 678 emitido ayer, notifica 61,450 casos positivos confirmados del virus en menores de 20 a\u00f1os desde el inicio de la pandemia; 1,818 en embarazadas y 2,251&hellip; <\/p>\n","protected":false},"author":3,"featured_media":6585,"comment_status":"closed","ping_status":"closed","sticky":false,"template":"","format":"standard","meta":{"footnotes":""},"categories":[25,22],"tags":[],"class_list":["post-6584","post","type-post","status-publish","format-standard","has-post-thumbnail","hentry","category-portada","category-salud"],"_links":{"self":[{"href":"https:\/\/lavozderd.com\/index.php?rest_route=\/wp\/v2\/posts\/6584","targetHints":{"allow":["GET"]}}],"collection":[{"href":"https:\/\/lavozderd.com\/index.php?rest_route=\/wp\/v2\/posts"}],"about":[{"href":"https:\/\/lavozderd.com\/index.php?rest_route=\/wp\/v2\/types\/post"}],"author":[{"embeddable":true,"href":"https:\/\/lavozderd.com\/index.php?rest_route=\/wp\/v2\/users\/3"}],"replies":[{"embeddable":true,"href":"https:\/\/lavozderd.com\/index.php?rest_route=%2Fwp%2Fv2%2Fcomments&post=6584"}],"version-history":[{"count":1,"href":"https:\/\/lavozderd.com\/index.php?rest_route=\/wp\/v2\/posts\/6584\/revisions"}],"predecessor-version":[{"id":6586,"href":"https:\/\/lavozderd.com\/index.php?rest_route=\/wp\/v2\/posts\/6584\/revisions\/6586"}],"wp:featuredmedia":[{"embeddable":true,"href":"https:\/\/lavozderd.com\/index.php?rest_route=\/wp\/v2\/media\/6585"}],"wp:attachment":[{"href":"https:\/\/lavozderd.com\/index.php?rest_route=%2Fwp%2Fv2%2Fmedia&parent=6584"}],"wp:term":[{"taxonomy":"category","embeddable":true,"href":"https:\/\/lavozderd.com\/index.php?rest_route=%2Fwp%2Fv2%2Fcategories&post=6584"},{"taxonomy":"post_tag","embeddable":true,"href":"https:\/\/lavozderd.com\/index.php?rest_route=%2Fwp%2Fv2%2Ftags&post=6584"}],"curies":[{"name":"wp","href":"https:\/\/api.w.org\/{rel}","templated":true}]}}