{"id":6589,"date":"2022-01-27T10:00:00","date_gmt":"2022-01-27T15:00:00","guid":{"rendered":"https:\/\/lavozderd.com\/?p=6589"},"modified":"2022-01-27T10:00:05","modified_gmt":"2022-01-27T15:00:05","slug":"amenazan-con-paro-regional-grupos-populares","status":"publish","type":"post","link":"https:\/\/lavozderd.com\/?p=6589","title":{"rendered":"Amenazan con paro regional Grupos populares"},"content":{"rendered":"\n<div class=\"wp-block-columns is-layout-flex wp-container-core-columns-is-layout-9d6595d7 wp-block-columns-is-layout-flex\">\n<div class=\"wp-block-column is-layout-flow wp-block-column-is-layout-flow\">\n<figure class=\"wp-block-image size-large is-resized\"><img decoding=\"async\" src=\"https:\/\/lavozderd.com\/wp-content\/uploads\/2022\/01\/Amenazan-con-paro-regional-Grupos-populares-1024x576.jpeg\" alt=\"\" class=\"wp-image-6590\" width=\"700\" srcset=\"https:\/\/lavozderd.com\/wp-content\/uploads\/2022\/01\/Amenazan-con-paro-regional-Grupos-populares-1024x576.jpeg 1024w, https:\/\/lavozderd.com\/wp-content\/uploads\/2022\/01\/Amenazan-con-paro-regional-Grupos-populares-300x169.jpeg 300w, https:\/\/lavozderd.com\/wp-content\/uploads\/2022\/01\/Amenazan-con-paro-regional-Grupos-populares-768x432.jpeg 768w, https:\/\/lavozderd.com\/wp-content\/uploads\/2022\/01\/Amenazan-con-paro-regional-Grupos-populares.jpeg 1032w\" sizes=\"(max-width: 1024px) 100vw, 1024px\" \/><\/figure>\n<\/div>\n<\/div>\n\n\n\n<div class=\"wp-block-columns is-layout-flex wp-container-core-columns-is-layout-9d6595d7 wp-block-columns-is-layout-flex\">\n<div class=\"wp-block-column is-layout-flow wp-block-column-is-layout-flow\" style=\"flex-basis:700px\">\n<p>La Coalici\u00f3n de Organizaciones Populares y Feministas del Cibao convocaron a una jornada de movilizaciones que incluyen asambleas en barrios y municipios que podr\u00eda culminar el pr\u00f3ximo mes de febrero con un llamado a paro en las 14 provincias del Cibao.<\/p>\n\n\n\n<p>Los grupos populares demandan la rebaja de los precios de combustibles, productos de primera necesidad y rechazan la privatizaci\u00f3n de los bienes p\u00fablicos y el desmonte de los subsidios.<\/p>\n\n\n\n<p>El vocero de las organizaciones, Osvaldo Brito, critic\u00f3 el desmonte de los subsidios a los combustibles y el\u00e9ctricos que a su juicio perjudica a la mayor\u00eda de la ciudadan\u00eda. Durante la concentraci\u00f3n frente al busto del padre de la patria, Juan Pablo Duarte, lament\u00f3 que el Gobierno pretenda entregar la Central Termoel\u00e9ctrica Punta Catalina al sector privado a trav\u00e9s de un fideicomiso.<\/p>\n\n\n\n<p>\u00bbFrente a este panorama las organizaciones populares del Cibao anunciamos un conjunto de acciones que incluyen una importante asamblea regional el 12 y 13 de febrero donde decidiremos la convocatoria a una huelga que paralizar\u00e1 las 14 provincias de la regi\u00f3n del Cibao en contra de las pol\u00edticas de hambre, en contra del aumento de los precios de los combustibles, del aumento de los pasajes, en contra de las condiciones que afectan a los grandes sectores populares\u00bb, dijo Brito.<\/p>\n<\/div>\n<\/div>\n","protected":false},"excerpt":{"rendered":"<p>La Coalici\u00f3n de Organizaciones Populares y Feministas del Cibao convocaron a una jornada de movilizaciones que incluyen asambleas en barrios y municipios que podr\u00eda culminar el pr\u00f3ximo mes de febrero&hellip; <\/p>\n","protected":false},"author":3,"featured_media":6590,"comment_status":"closed","ping_status":"closed","sticky":false,"template":"","format":"standard","meta":{"footnotes":""},"categories":[18],"tags":[],"class_list":["post-6589","post","type-post","status-publish","format-standard","has-post-thumbnail","hentry","category-noticias"],"_links":{"self":[{"href":"https:\/\/lavozderd.com\/index.php?rest_route=\/wp\/v2\/posts\/6589","targetHints":{"allow":["GET"]}}],"collection":[{"href":"https:\/\/lavozderd.com\/index.php?rest_route=\/wp\/v2\/posts"}],"about":[{"href":"https:\/\/lavozderd.com\/index.php?rest_route=\/wp\/v2\/types\/post"}],"author":[{"embeddable":true,"href":"https:\/\/lavozderd.com\/index.php?rest_route=\/wp\/v2\/users\/3"}],"replies":[{"embeddable":true,"href":"https:\/\/lavozderd.com\/index.php?rest_route=%2Fwp%2Fv2%2Fcomments&post=6589"}],"version-history":[{"count":1,"href":"https:\/\/lavozderd.com\/index.php?rest_route=\/wp\/v2\/posts\/6589\/revisions"}],"predecessor-version":[{"id":6591,"href":"https:\/\/lavozderd.com\/index.php?rest_route=\/wp\/v2\/posts\/6589\/revisions\/6591"}],"wp:featuredmedia":[{"embeddable":true,"href":"https:\/\/lavozderd.com\/index.php?rest_route=\/wp\/v2\/media\/6590"}],"wp:attachment":[{"href":"https:\/\/lavozderd.com\/index.php?rest_route=%2Fwp%2Fv2%2Fmedia&parent=6589"}],"wp:term":[{"taxonomy":"category","embeddable":true,"href":"https:\/\/lavozderd.com\/index.php?rest_route=%2Fwp%2Fv2%2Fcategories&post=6589"},{"taxonomy":"post_tag","embeddable":true,"href":"https:\/\/lavozderd.com\/index.php?rest_route=%2Fwp%2Fv2%2Ftags&post=6589"}],"curies":[{"name":"wp","href":"https:\/\/api.w.org\/{rel}","templated":true}]}}