{"id":6593,"date":"2022-01-27T13:39:22","date_gmt":"2022-01-27T18:39:22","guid":{"rendered":"https:\/\/lavozderd.com\/?p=6593"},"modified":"2022-01-27T13:39:26","modified_gmt":"2022-01-27T18:39:26","slug":"abinader-recibe-a-los-gigantes-y-entrega-bandera-nacional","status":"publish","type":"post","link":"https:\/\/lavozderd.com\/?p=6593","title":{"rendered":"Abinader recibe a Los Gigantes y entrega Bandera Nacional"},"content":{"rendered":"\n<div class=\"wp-block-columns is-layout-flex wp-container-core-columns-is-layout-9d6595d7 wp-block-columns-is-layout-flex\">\n<div class=\"wp-block-column is-layout-flow wp-block-column-is-layout-flow\">\n<figure class=\"wp-block-image size-large is-resized\"><img decoding=\"async\" src=\"https:\/\/lavozderd.com\/wp-content\/uploads\/2022\/01\/Presidente-Abinader-recibe-a-Gigantes-entrega-Bandera-Nacional-1024x640.jpg\" alt=\"\" class=\"wp-image-6594\" width=\"700\" srcset=\"https:\/\/lavozderd.com\/wp-content\/uploads\/2022\/01\/Presidente-Abinader-recibe-a-Gigantes-entrega-Bandera-Nacional-1024x640.jpg 1024w, https:\/\/lavozderd.com\/wp-content\/uploads\/2022\/01\/Presidente-Abinader-recibe-a-Gigantes-entrega-Bandera-Nacional-300x188.jpg 300w, https:\/\/lavozderd.com\/wp-content\/uploads\/2022\/01\/Presidente-Abinader-recibe-a-Gigantes-entrega-Bandera-Nacional-768x480.jpg 768w, https:\/\/lavozderd.com\/wp-content\/uploads\/2022\/01\/Presidente-Abinader-recibe-a-Gigantes-entrega-Bandera-Nacional.jpg 1080w\" sizes=\"(max-width: 1024px) 100vw, 1024px\" \/><\/figure>\n<\/div>\n<\/div>\n\n\n\n<div class=\"wp-block-columns is-layout-flex wp-container-core-columns-is-layout-9d6595d7 wp-block-columns-is-layout-flex\">\n<div class=\"wp-block-column is-layout-flow wp-block-column-is-layout-flow\" style=\"flex-basis:700px\">\n<p>El Presidente de la Rep\u00fablica, Luis Abinader, recibi\u00f3 y entreg\u00f3 la Bandera Nacional al equipo campe\u00f3n de la Liga de B\u00e9isbol Profesional de Rep\u00fablica Dominicana (LIDOM), Gigantes del Cibao, en el sal\u00f3n Las Cari\u00e1tides del Palacio Nacional.<\/p>\n\n\n\n<p>Abinader tambi\u00e9n recibi\u00f3 una camiseta del equipo dominicano que participar\u00e1 en la pr\u00f3xima Serie del Caribe Santo Domingo 2022 y se tom\u00f3 var\u00edas fotos (selfie) con los jugadores, incluido Marcell Ozuna, MVP se la Serie Final, quien protagoniz\u00f3 sus celebraciones de este modo.<\/p>\n\n\n\n<p>Un recibimiento digno de campeones en un certamen que cont\u00f3 con el apoyo de principio a fin del presidente Abinader, tal y como lo manifest\u00f3 el licenciado Vitelio Mej\u00eda Ortiz, presidente de LIDOM, en su palabras.<\/p>\n\n\n\n<p>\u201c\u00a1Gracias!\u201d, exclam\u00f3 Mej\u00eda Ortiz. \u201cGracias, se\u00f1or presidente Abinader por todo lo que usted ha hecho por el b\u00e9isbol profesional dominicano para que el pueblo pueda disfrutar de su pasatiempo nacional, cumpliendo todos los protocolos sanitarios, en la era del Covid-19, pandemia que ha sometido al mundo. En nombre de LIDOM y su Junta de Directores, as\u00ed como las seis franquicias que compiten en la justa oto\u00f1o invernal, nos sentimos altamente complacidos por su respaldo para que todo concluya por todo lo alto, y as\u00ed lo hicimos\u201d.<\/p>\n<\/div>\n<\/div>\n","protected":false},"excerpt":{"rendered":"<p>El Presidente de la Rep\u00fablica, Luis Abinader, recibi\u00f3 y entreg\u00f3 la Bandera Nacional al equipo campe\u00f3n de la Liga de B\u00e9isbol Profesional de Rep\u00fablica Dominicana (LIDOM), Gigantes del Cibao, en&hellip; <\/p>\n","protected":false},"author":3,"featured_media":6594,"comment_status":"closed","ping_status":"closed","sticky":false,"template":"","format":"standard","meta":{"footnotes":""},"categories":[11,25],"tags":[],"class_list":["post-6593","post","type-post","status-publish","format-standard","has-post-thumbnail","hentry","category-deportes","category-portada"],"_links":{"self":[{"href":"https:\/\/lavozderd.com\/index.php?rest_route=\/wp\/v2\/posts\/6593","targetHints":{"allow":["GET"]}}],"collection":[{"href":"https:\/\/lavozderd.com\/index.php?rest_route=\/wp\/v2\/posts"}],"about":[{"href":"https:\/\/lavozderd.com\/index.php?rest_route=\/wp\/v2\/types\/post"}],"author":[{"embeddable":true,"href":"https:\/\/lavozderd.com\/index.php?rest_route=\/wp\/v2\/users\/3"}],"replies":[{"embeddable":true,"href":"https:\/\/lavozderd.com\/index.php?rest_route=%2Fwp%2Fv2%2Fcomments&post=6593"}],"version-history":[{"count":1,"href":"https:\/\/lavozderd.com\/index.php?rest_route=\/wp\/v2\/posts\/6593\/revisions"}],"predecessor-version":[{"id":6595,"href":"https:\/\/lavozderd.com\/index.php?rest_route=\/wp\/v2\/posts\/6593\/revisions\/6595"}],"wp:featuredmedia":[{"embeddable":true,"href":"https:\/\/lavozderd.com\/index.php?rest_route=\/wp\/v2\/media\/6594"}],"wp:attachment":[{"href":"https:\/\/lavozderd.com\/index.php?rest_route=%2Fwp%2Fv2%2Fmedia&parent=6593"}],"wp:term":[{"taxonomy":"category","embeddable":true,"href":"https:\/\/lavozderd.com\/index.php?rest_route=%2Fwp%2Fv2%2Fcategories&post=6593"},{"taxonomy":"post_tag","embeddable":true,"href":"https:\/\/lavozderd.com\/index.php?rest_route=%2Fwp%2Fv2%2Ftags&post=6593"}],"curies":[{"name":"wp","href":"https:\/\/api.w.org\/{rel}","templated":true}]}}