{"id":6596,"date":"2022-01-27T13:50:30","date_gmt":"2022-01-27T18:50:30","guid":{"rendered":"https:\/\/lavozderd.com\/?p=6596"},"modified":"2022-01-27T13:50:39","modified_gmt":"2022-01-27T18:50:39","slug":"la-policia-suspende-al-coronel-elias-marte-tras-querella-de-medio-ambiente","status":"publish","type":"post","link":"https:\/\/lavozderd.com\/?p=6596","title":{"rendered":"La Polic\u00eda suspende al coronel El\u00edas Marte  tras querella de Medio Ambiente"},"content":{"rendered":"\n<div class=\"wp-block-columns is-layout-flex wp-container-core-columns-is-layout-9d6595d7 wp-block-columns-is-layout-flex\">\n<div class=\"wp-block-column is-layout-flow wp-block-column-is-layout-flow\">\n<figure class=\"wp-block-image size-full is-resized\"><img decoding=\"async\" src=\"https:\/\/lavozderd.com\/wp-content\/uploads\/2022\/01\/coronel-Elias-Marte1.jpg\" alt=\"\" class=\"wp-image-6597\" width=\"700\" srcset=\"https:\/\/lavozderd.com\/wp-content\/uploads\/2022\/01\/coronel-Elias-Marte1.jpg 680w, https:\/\/lavozderd.com\/wp-content\/uploads\/2022\/01\/coronel-Elias-Marte1-300x274.jpg 300w\" sizes=\"(max-width: 680px) 100vw, 680px\" \/><\/figure>\n<\/div>\n<\/div>\n\n\n\n<div class=\"wp-block-columns is-layout-flex wp-container-core-columns-is-layout-9d6595d7 wp-block-columns-is-layout-flex\">\n<div class=\"wp-block-column is-layout-flow wp-block-column-is-layout-flow\" style=\"flex-basis:700px\">\n<p>Tras la acusaci\u00f3n del Ministerio de Medio Ambiente al coronel El\u00edas Marte \u00abPalav\u00e9\u00bb, de extraer de forma ilegal material de agregados en una mina ubicada cerca del Rio Haina, fue suspendido por la direcci\u00f3n general de la Polic\u00eda Nacional.<\/p>\n\n\n\n<p>Asimismo, el mayor general Eduardo Alberto Then dispuso la realizaci\u00f3n de una investigaci\u00f3n interna sobre el accionar del coronel e insisti\u00f3 que no permitir\u00e1 que agentes de la instituci\u00f3n \u201cviolen la ley y menos del medio ambiente\u201d.<\/p>\n\n\n\n<p>\u201cNo se permitir\u00e1 bajo ninguna circunstancia ese tipo de acciones dentro de las filas de la Polic\u00eda Nacional\u201d, precis\u00f3.<\/p>\n\n\n\n<p>Indic\u00f3 que los agentes est\u00e1n para \u201cservir, proteger al ciudadano y sus bienes materiales\u201d, as\u00ed como, velar por la conservaci\u00f3n del medio ambiente.<\/p>\n\n\n\n<p>Esto surge luego que el ministro de Medio Ambiente y Recursos Naturales, Orlando Jorge Mera, presentara una querella contra El\u00edas Marte \u00abPalav\u00e9\u00bb, sosteniendo que el pasado 13 de enero miembros del Servicio Nacional de Protecci\u00f3n Ambiental (SENPA), conjuntamente con t\u00e9cnicos de Medio Ambiente se trasladaron hasta la comunidad donde se realizaban diferentes excavaciones y extracci\u00f3n de arena de empa\u00f1ete con equipos pesados, sin poseer los permisos correspondientes.<\/p>\n\n\n\n<p>Al solicitarle los permisos correspondientes que otorga el Ministerio de Medio Ambiente y Recursos Naturales, el coronel Marte no los present\u00f3, al tiempo de indicar que era propietario de la mina y su hermano<\/p>\n<\/div>\n<\/div>\n","protected":false},"excerpt":{"rendered":"<p>Tras la acusaci\u00f3n del Ministerio de Medio Ambiente al coronel El\u00edas Marte \u00abPalav\u00e9\u00bb, de extraer de forma ilegal material de agregados en una mina ubicada cerca del Rio Haina, fue&hellip; <\/p>\n","protected":false},"author":3,"featured_media":6597,"comment_status":"closed","ping_status":"closed","sticky":false,"template":"","format":"standard","meta":{"footnotes":""},"categories":[18,25],"tags":[],"class_list":["post-6596","post","type-post","status-publish","format-standard","has-post-thumbnail","hentry","category-noticias","category-portada"],"_links":{"self":[{"href":"https:\/\/lavozderd.com\/index.php?rest_route=\/wp\/v2\/posts\/6596","targetHints":{"allow":["GET"]}}],"collection":[{"href":"https:\/\/lavozderd.com\/index.php?rest_route=\/wp\/v2\/posts"}],"about":[{"href":"https:\/\/lavozderd.com\/index.php?rest_route=\/wp\/v2\/types\/post"}],"author":[{"embeddable":true,"href":"https:\/\/lavozderd.com\/index.php?rest_route=\/wp\/v2\/users\/3"}],"replies":[{"embeddable":true,"href":"https:\/\/lavozderd.com\/index.php?rest_route=%2Fwp%2Fv2%2Fcomments&post=6596"}],"version-history":[{"count":1,"href":"https:\/\/lavozderd.com\/index.php?rest_route=\/wp\/v2\/posts\/6596\/revisions"}],"predecessor-version":[{"id":6598,"href":"https:\/\/lavozderd.com\/index.php?rest_route=\/wp\/v2\/posts\/6596\/revisions\/6598"}],"wp:featuredmedia":[{"embeddable":true,"href":"https:\/\/lavozderd.com\/index.php?rest_route=\/wp\/v2\/media\/6597"}],"wp:attachment":[{"href":"https:\/\/lavozderd.com\/index.php?rest_route=%2Fwp%2Fv2%2Fmedia&parent=6596"}],"wp:term":[{"taxonomy":"category","embeddable":true,"href":"https:\/\/lavozderd.com\/index.php?rest_route=%2Fwp%2Fv2%2Fcategories&post=6596"},{"taxonomy":"post_tag","embeddable":true,"href":"https:\/\/lavozderd.com\/index.php?rest_route=%2Fwp%2Fv2%2Ftags&post=6596"}],"curies":[{"name":"wp","href":"https:\/\/api.w.org\/{rel}","templated":true}]}}