{"id":6612,"date":"2022-01-28T10:12:50","date_gmt":"2022-01-28T15:12:50","guid":{"rendered":"https:\/\/lavozderd.com\/?p=6612"},"modified":"2022-01-28T10:13:26","modified_gmt":"2022-01-28T15:13:26","slug":"consul-entrega-bandera-dominicana-a-padre-del-policia-asesinado-en-nueva-york-jason-rivera-en-emotivo-encuentro-de-condolencias","status":"publish","type":"post","link":"https:\/\/lavozderd.com\/?p=6612","title":{"rendered":"Consul entrega bandera dominicana a padre del polic\u00eda asesinado en Nueva York en emotivo encuentro de condolencias"},"content":{"rendered":"\n<p><strong>Miguel Cruz Tejada<\/strong><\/p>\n\n\n\n<div class=\"wp-block-columns is-layout-flex wp-container-core-columns-is-layout-9d6595d7 wp-block-columns-is-layout-flex\">\n<div class=\"wp-block-column is-layout-flow wp-block-column-is-layout-flow\" style=\"flex-basis:700px\">\n<figure class=\"wp-block-image size-large is-resized\"><img decoding=\"async\" src=\"https:\/\/lavozderd.com\/wp-content\/uploads\/2022\/01\/thumbnail_Consul-entrega-bandera-dominicana-a-padre-1024x691.jpg\" alt=\"\" class=\"wp-image-6613\" width=\"700\" srcset=\"https:\/\/lavozderd.com\/wp-content\/uploads\/2022\/01\/thumbnail_Consul-entrega-bandera-dominicana-a-padre-1024x691.jpg 1024w, https:\/\/lavozderd.com\/wp-content\/uploads\/2022\/01\/thumbnail_Consul-entrega-bandera-dominicana-a-padre-300x203.jpg 300w, https:\/\/lavozderd.com\/wp-content\/uploads\/2022\/01\/thumbnail_Consul-entrega-bandera-dominicana-a-padre-768x518.jpg 768w, https:\/\/lavozderd.com\/wp-content\/uploads\/2022\/01\/thumbnail_Consul-entrega-bandera-dominicana-a-padre.jpg 1280w\" sizes=\"(max-width: 1024px) 100vw, 1024px\" \/><figcaption>NUEVA YORK._\u00a0 El c\u00f3nsul general Eligio J\u00e1quez entrega la bandera dominicana al se\u00f1or Daniel Rivera, padre del polic\u00eda Jason Rivera, asesinado el viernes 21 de enero 2022 en un apartamento de Harlem.\u00a0 (Fuente externa).<\/figcaption><\/figure>\n\n\n\n<div class=\"wp-block-columns is-layout-flex wp-container-core-columns-is-layout-9d6595d7 wp-block-columns-is-layout-flex\">\n<div class=\"wp-block-column is-layout-flow wp-block-column-is-layout-flow\" style=\"flex-basis:700px\">\n<p>NUEVA YORK._ El c\u00f3nsul general Eligio J\u00e1quez entreg\u00f3 la bandera dominicana al padre del polic\u00eda asesinado en Harlem el viernes 21 de enero en un emotivo encuentro de condolencias mientras se realizaban los funerales del oficial que ten\u00eda 22 a\u00f1os de edad y estaba asignado al cuartel 32 del Departamento de Polic\u00eda de Nueva York (NYPD).<\/p>\n\n\n\n<p>\u201cLe entregamos la bandera al pap\u00e1 de Jason Rivera, uno de los polic\u00edas dominicanos muertos, le dijimos que est\u00e1bamos all\u00ed representando al Gobierno dominicano\u201d, explic\u00f3 J\u00e1quez en una entrevista por tel\u00e9fono con este reportero &nbsp;ayer jueves en la tarde.<\/p>\n\n\n\n<p>Definiendo al se\u00f1or Daniel Rivera, padre de Jason, como un gran caballero, J\u00e1quez le manifest\u00f3 que le entregaba el s\u00edmbolo patrio como parte de la solidaridad del Gobierno dominicano como lo ha sido &nbsp;de la comunidad dominicana que se ha sensibilizado con el caso.<\/p>\n\n\n\n<p>\u201cEstamos muy esperanzados de que tal y como lo ha anunciado el alcalde y el presidente de los Estados Unidos, mover\u00e1n uno que otros presupuestos para fortalecer la lucha contra la delincuencia &nbsp;en la ciudad\u201d, le expres\u00f3 el c\u00f3nsul al se\u00f1or Rivera.<\/p>\n\n\n\n<p>\u201cTambi\u00e9n sacar las armas ilegales de la ciudad como lo han anunciado las autoridades de Nueva York\u201d, le expres\u00f3.<\/p>\n\n\n\n<p>\u201cEse hombre, el se\u00f1or Rivera es admirable, nos hab\u00edamos comunicado con \u00e9l y nos hab\u00eda mostrado una vitalidad enorme en medio de su dolor\u201d, describi\u00f3 J\u00e1quez.<\/p>\n\n\n\n<p>\u201cCon mucha coherencia en todas sus expresiones y ahora, lo que hubo fue una reiteraci\u00f3n de esa actitud en medio del duelo de su esposa y la solidaridad de su hijo, que son una familia muy unida y el hermano de Jason (Jeffrey Rivera) es un muchacho que creci\u00f3 con muchos valores\u201d, indic\u00f3.<\/p>\n\n\n\n<p>Dijo que todos los reconocimientos al oficial asesinado hablan muy bien de su conducta muy depurada.<\/p>\n\n\n\n<p>\u201cEs una gran pena que le haya tocado entregarse en los brazos de la muerte a manos de un delincuente\u201d, agreg\u00f3 el c\u00f3nsul.<\/p>\n\n\n\n<p>\u201cPero ya, esa son las cosas que ocurren\u201d, dijo el representante diplom\u00e1tico.<\/p>\n\n\n\n<p>J\u00e1quez estuvo acompa\u00f1ado por una comisi\u00f3n que design\u00f3 para dar seguimiento de apoyo y solidaridad&nbsp; las familias de Rivera y su colega Wilbert Mora, el segundo herido gravemente en la cabeza y que muri\u00f3 el martes en un hospital.<\/p>\n\n\n\n<p>El c\u00f3nsul coincidi\u00f3 en el funeral de Rivera con el congresista Adriano Espaillat y otros l\u00edderes pol\u00edticos y comunitarios, siendo abordado por reporteros de medios internacionales que cubren los escenarios en los que se realizan los funerales de los polic\u00edas dominicanos.<\/p>\n\n\n\n<p>El sepelio de Mora est\u00e1 programado para el 2 de febrero y se realizar\u00e1 en la Catedral de San Patricio como se hizo con Rivera.<\/p>\n<\/div>\n<\/div>\n<\/div>\n<\/div>\n\n\n\n<p><\/p>\n","protected":false},"excerpt":{"rendered":"<p>Miguel Cruz Tejada NUEVA YORK._ El c\u00f3nsul general Eligio J\u00e1quez entreg\u00f3 la bandera dominicana al padre del polic\u00eda asesinado en Harlem el viernes 21 de enero en un emotivo encuentro&hellip; <\/p>\n","protected":false},"author":3,"featured_media":6613,"comment_status":"closed","ping_status":"closed","sticky":false,"template":"","format":"standard","meta":{"footnotes":""},"categories":[20,25],"tags":[],"class_list":["post-6612","post","type-post","status-publish","format-standard","has-post-thumbnail","hentry","category-internacionales","category-portada"],"_links":{"self":[{"href":"https:\/\/lavozderd.com\/index.php?rest_route=\/wp\/v2\/posts\/6612","targetHints":{"allow":["GET"]}}],"collection":[{"href":"https:\/\/lavozderd.com\/index.php?rest_route=\/wp\/v2\/posts"}],"about":[{"href":"https:\/\/lavozderd.com\/index.php?rest_route=\/wp\/v2\/types\/post"}],"author":[{"embeddable":true,"href":"https:\/\/lavozderd.com\/index.php?rest_route=\/wp\/v2\/users\/3"}],"replies":[{"embeddable":true,"href":"https:\/\/lavozderd.com\/index.php?rest_route=%2Fwp%2Fv2%2Fcomments&post=6612"}],"version-history":[{"count":2,"href":"https:\/\/lavozderd.com\/index.php?rest_route=\/wp\/v2\/posts\/6612\/revisions"}],"predecessor-version":[{"id":6615,"href":"https:\/\/lavozderd.com\/index.php?rest_route=\/wp\/v2\/posts\/6612\/revisions\/6615"}],"wp:featuredmedia":[{"embeddable":true,"href":"https:\/\/lavozderd.com\/index.php?rest_route=\/wp\/v2\/media\/6613"}],"wp:attachment":[{"href":"https:\/\/lavozderd.com\/index.php?rest_route=%2Fwp%2Fv2%2Fmedia&parent=6612"}],"wp:term":[{"taxonomy":"category","embeddable":true,"href":"https:\/\/lavozderd.com\/index.php?rest_route=%2Fwp%2Fv2%2Fcategories&post=6612"},{"taxonomy":"post_tag","embeddable":true,"href":"https:\/\/lavozderd.com\/index.php?rest_route=%2Fwp%2Fv2%2Ftags&post=6612"}],"curies":[{"name":"wp","href":"https:\/\/api.w.org\/{rel}","templated":true}]}}