{"id":6616,"date":"2022-01-28T10:18:09","date_gmt":"2022-01-28T15:18:09","guid":{"rendered":"https:\/\/lavozderd.com\/?p=6616"},"modified":"2022-01-28T10:18:14","modified_gmt":"2022-01-28T15:18:14","slug":"delegacion-de-qatar-conoce-atractivos-de-inversion-en-cabo-rojo-pedernales","status":"publish","type":"post","link":"https:\/\/lavozderd.com\/?p=6616","title":{"rendered":"Delegaci\u00f3n de Qatar conoce atractivos de inversi\u00f3n en Cabo Rojo, Pedernales"},"content":{"rendered":"\n<p>presidencia.gob.do<\/p>\n\n\n\n<div class=\"wp-block-columns is-layout-flex wp-container-core-columns-is-layout-9d6595d7 wp-block-columns-is-layout-flex\">\n<div class=\"wp-block-column is-layout-flow wp-block-column-is-layout-flow\">\n<figure class=\"wp-block-image size-large is-resized\"><img decoding=\"async\" src=\"https:\/\/lavozderd.com\/wp-content\/uploads\/2022\/01\/Delegacion-de-Qatar-conoce-atractivos-de-inversion-en-Cabo-Rojo-Pedernales-1024x576.jpg\" alt=\"\" class=\"wp-image-6617\" width=\"700\" srcset=\"https:\/\/lavozderd.com\/wp-content\/uploads\/2022\/01\/Delegacion-de-Qatar-conoce-atractivos-de-inversion-en-Cabo-Rojo-Pedernales-1024x576.jpg 1024w, https:\/\/lavozderd.com\/wp-content\/uploads\/2022\/01\/Delegacion-de-Qatar-conoce-atractivos-de-inversion-en-Cabo-Rojo-Pedernales-300x169.jpg 300w, https:\/\/lavozderd.com\/wp-content\/uploads\/2022\/01\/Delegacion-de-Qatar-conoce-atractivos-de-inversion-en-Cabo-Rojo-Pedernales-768x432.jpg 768w, https:\/\/lavozderd.com\/wp-content\/uploads\/2022\/01\/Delegacion-de-Qatar-conoce-atractivos-de-inversion-en-Cabo-Rojo-Pedernales.jpg 1300w\" sizes=\"(max-width: 1024px) 100vw, 1024px\" \/><\/figure>\n\n\n\n<div class=\"wp-block-columns is-layout-flex wp-container-core-columns-is-layout-9d6595d7 wp-block-columns-is-layout-flex\">\n<div class=\"wp-block-column is-layout-flow wp-block-column-is-layout-flow\" style=\"flex-basis:700px\">\n<p><strong>Santo Domingo. &#8211;&nbsp;<\/strong>Una delegaci\u00f3n de funcionarios e inversionistas, encabezada por el responsable del territorio de Norteam\u00e9rica y Sudam\u00e9rica en la Autoridad de Inversi\u00f3n de Qatar, Sheikh, Mohamed Bin Abdulla Al Thani, visit\u00f3 este jueves la zona de Cabo Rojo, para conocer el Proyecto de Desarrollo Tur\u00edstico de Pedernales, que se ejecutar\u00e1 desde cero en la modalidad de alianzas p\u00fablico-privada.<\/p>\n\n\n\n<p>La delegaci\u00f3n, compuesta, adem\u00e1s, por el director ejecutivo de Relaciones Comerciales en la compa\u00f1\u00eda alimentaria Hassad Food, Mobaral Rashed Al Sahouti; el vicepresidente ejecutivo de Operaciones en la compa\u00f1\u00eda catar\u00ed de administraci\u00f3n de puertos, el capital Abdelaziz Nasser Al Yafii y el tercer secretario en la Direcci\u00f3n de Asuntos Americanos, Mohamed Yousef Al Muhannadi, fue recibida por el director ejecutivo de la Direcci\u00f3n General de Alianzas P\u00fablico Privadas, Sigmund Freund, quien les mostr\u00f3 los atractivos tur\u00edsticos de la zona, el modelo hotelero y las bonanzas del proyecto.<\/p>\n\n\n\n<p>Freund destac\u00f3 que la presencia de esta delegaci\u00f3n catar\u00ed en Cabo Rojo es una muestra del resultado de una visita oficial realizada hace unos meses, en la que estuvo acompa\u00f1ando a la vicepresidenta de la Rep\u00fablica, Raquel Pena y de los compromisos asumidos durante la misma.<\/p>\n\n\n\n<p>\u201cEl hecho de que ellos hayan cumplido con la promesa que nos hicieron en esa visita de venir a la Rep\u00fablica Dominicana en enero es una muestra de inter\u00e9s de este pa\u00eds de establecer lazos comerciales y hacer inversiones en los proyectos que desarrolla el Gobierno dominicano\u201d, refiri\u00f3 el funcionario.<\/p>\n\n\n\n<p>Destac\u00f3, adem\u00e1s, que el hecho de que la propia delegaci\u00f3n haya elegido visitar el proyecto de Pedernales es una evidencia de que hay un inter\u00e9s marcado de propiciar inversiones y asegur\u00f3 que existe una alta probabilidad de que se logre concretizar una importante inversi\u00f3n en este proyecto.<\/p>\n\n\n\n<p>Agreg\u00f3 que, de igual manera, los inversionistas que participan de la delegaci\u00f3n mostraron inter\u00e9s de conocer el proyecto para la construcci\u00f3n la Autopista del \u00c1mbar, una carretera que conectar\u00e1 a la provincia de Santiago con Puerto Plata en menos de 30 minutos, y que tendr\u00e1 un impacto positivo en el turismo y el comercio de la regi\u00f3n norte.<\/p>\n\n\n\n<p>\u201cEl hecho de que esta delegaci\u00f3n, encabezada por un secretario de Estado acompa\u00f1ado de funcionarios e inversionistas, permanezcan en Rep\u00fablica Dominicana por casi cuatro d\u00edas, visitando lugares tan lejanos como Pedernales, es una muestra de que hay una firme intenci\u00f3n de identificar \u00e1reas de inversi\u00f3n seriamente y de llevar propuestas concretas a su gobierno\u201d, enfatiz\u00f3 Freund y se\u00f1al\u00f3 que Republica Dominicana, por su ubicaci\u00f3n geogr\u00e1fica, se puede convertir en el primer pa\u00eds&nbsp; donde el Estado de Qatar podr\u00eda sentar las bases para expandir sus relaciones comerciales en la regi\u00f3n.<\/p>\n\n\n\n<p>&nbsp;La delegaci\u00f3n catar\u00ed, acompa\u00f1ada de una comitiva de funcionarios del gobierno, realiz\u00f3 un recorrido por el muelle y las playas de Cabo Rojo, tambi\u00e9n por el hotel del Acantilado (antiguo Hotel de la Alcoa Corporation) y realiz\u00f3 un paseo en bote a Bah\u00eda de las \u00c1guilas.<\/p>\n\n\n\n<p>Freund expres\u00f3 a los visitantes que la conservaci\u00f3n de la biodiversidad, el fomento de una econom\u00eda inclusiva y riqueza cultural, el ordenamiento del territorio en sincron\u00eda con el entorno natural y social, la consolidaci\u00f3n y diversificaci\u00f3n de la oferta tur\u00edstica y la creaci\u00f3n de un sistema de infraestructura para el desarrollo tur\u00edstico de bajo impacto, son la esencia en la implementaci\u00f3n de este proyecto que se ejecutar\u00e1 en Cabo Rojo.<\/p>\n\n\n\n<p>Esta delegaci\u00f3n lleg\u00f3 al pa\u00eds el pasado martes con el objetivo de promover la inversi\u00f3n, incentivar el intercambio comercial y cooperar en materia de salud. Esta visita surge como continuidad a los esfuerzos del Gobierno para fortalecer las relaciones comerciales y atraer inversi\u00f3n hacia proyecto de alto impacto para la econom\u00eda criolla.<\/p>\n\n\n\n<p>En abril de 2021, el presidente Luis Abinader convers\u00f3 v\u00eda telef\u00f3nica con el jeque Tamim bin Hamad Al- Thani, emir del Estado de Qatar, para mejorar la relaci\u00f3n bilateral y en noviembre la vicepresidenta Raquel Pe\u00f1a realiz\u00f3 una visita oficial a Qatar.<strong><\/strong><\/p>\n\n\n\n<p>La agenda de la delegaci\u00f3n de Qatar concluye este viernes 28 de enero, luego de sostener reuniones con el presidente Luis Abinader, la vicepresidenta Raquel Pe\u00f1a, as\u00ed como con ministros y otros funcionarios.<\/p>\n\n\n\n<p><strong>Sobre Qatar<\/strong><\/p>\n\n\n\n<p>Qatar es estado soberano \u00e1rabe ubicado el oeste de As\u00eda, que se encuentra en la pen\u00ednsula ar\u00e1biga y est\u00e1 establecido cerca del Golfo P\u00e9rsico. Se trata de un emirato, cuyo principal motor econ\u00f3mico y mayor fuente de ingresos es el sector petrolero y gas.<\/p>\n\n\n\n<p>Los ingresos por la comercializaci\u00f3n de estos recursos permiten al pa\u00eds financiar el gasto p\u00fablico en infraestructura y construcciones, y gestionar la prosperidad econ\u00f3mica del pa\u00eds; as\u00ed como la colaboraci\u00f3n con otras naciones.<\/p>\n<\/div>\n<\/div>\n<\/div>\n<\/div>\n","protected":false},"excerpt":{"rendered":"<p>presidencia.gob.do Santo Domingo. &#8211;&nbsp;Una delegaci\u00f3n de funcionarios e inversionistas, encabezada por el responsable del territorio de Norteam\u00e9rica y Sudam\u00e9rica en la Autoridad de Inversi\u00f3n de Qatar, Sheikh, Mohamed Bin Abdulla&hellip; <\/p>\n","protected":false},"author":3,"featured_media":6617,"comment_status":"closed","ping_status":"closed","sticky":false,"template":"","format":"standard","meta":{"footnotes":""},"categories":[18,25],"tags":[],"class_list":["post-6616","post","type-post","status-publish","format-standard","has-post-thumbnail","hentry","category-noticias","category-portada"],"_links":{"self":[{"href":"https:\/\/lavozderd.com\/index.php?rest_route=\/wp\/v2\/posts\/6616","targetHints":{"allow":["GET"]}}],"collection":[{"href":"https:\/\/lavozderd.com\/index.php?rest_route=\/wp\/v2\/posts"}],"about":[{"href":"https:\/\/lavozderd.com\/index.php?rest_route=\/wp\/v2\/types\/post"}],"author":[{"embeddable":true,"href":"https:\/\/lavozderd.com\/index.php?rest_route=\/wp\/v2\/users\/3"}],"replies":[{"embeddable":true,"href":"https:\/\/lavozderd.com\/index.php?rest_route=%2Fwp%2Fv2%2Fcomments&post=6616"}],"version-history":[{"count":1,"href":"https:\/\/lavozderd.com\/index.php?rest_route=\/wp\/v2\/posts\/6616\/revisions"}],"predecessor-version":[{"id":6618,"href":"https:\/\/lavozderd.com\/index.php?rest_route=\/wp\/v2\/posts\/6616\/revisions\/6618"}],"wp:featuredmedia":[{"embeddable":true,"href":"https:\/\/lavozderd.com\/index.php?rest_route=\/wp\/v2\/media\/6617"}],"wp:attachment":[{"href":"https:\/\/lavozderd.com\/index.php?rest_route=%2Fwp%2Fv2%2Fmedia&parent=6616"}],"wp:term":[{"taxonomy":"category","embeddable":true,"href":"https:\/\/lavozderd.com\/index.php?rest_route=%2Fwp%2Fv2%2Fcategories&post=6616"},{"taxonomy":"post_tag","embeddable":true,"href":"https:\/\/lavozderd.com\/index.php?rest_route=%2Fwp%2Fv2%2Ftags&post=6616"}],"curies":[{"name":"wp","href":"https:\/\/api.w.org\/{rel}","templated":true}]}}