{"id":6634,"date":"2022-01-28T10:52:35","date_gmt":"2022-01-28T15:52:35","guid":{"rendered":"https:\/\/lavozderd.com\/?p=6634"},"modified":"2022-01-28T10:52:41","modified_gmt":"2022-01-28T15:52:41","slug":"el-boletin-680-reporta-tres-defunciones-y-1508-nuevos-casos-por-covid","status":"publish","type":"post","link":"https:\/\/lavozderd.com\/?p=6634","title":{"rendered":"El bolet\u00edn #680 reporta tres defunciones y 1,508 nuevos casos por COVID"},"content":{"rendered":"\n<div class=\"wp-block-columns is-layout-flex wp-container-core-columns-is-layout-9d6595d7 wp-block-columns-is-layout-flex\">\n<div class=\"wp-block-column is-layout-flow wp-block-column-is-layout-flow\">\n<figure class=\"wp-block-image size-full is-resized\"><img decoding=\"async\" src=\"https:\/\/lavozderd.com\/wp-content\/uploads\/2021\/09\/Prueba-COVID.png\" alt=\"\" class=\"wp-image-766\" width=\"700\" srcset=\"https:\/\/lavozderd.com\/wp-content\/uploads\/2021\/09\/Prueba-COVID.png 811w, https:\/\/lavozderd.com\/wp-content\/uploads\/2021\/09\/Prueba-COVID-300x166.png 300w, https:\/\/lavozderd.com\/wp-content\/uploads\/2021\/09\/Prueba-COVID-768x425.png 768w\" sizes=\"(max-width: 811px) 100vw, 811px\" \/><\/figure>\n\n\n\n<div class=\"wp-block-columns is-layout-flex wp-container-core-columns-is-layout-9d6595d7 wp-block-columns-is-layout-flex\">\n<div class=\"wp-block-column is-layout-flow wp-block-column-is-layout-flow\" style=\"flex-basis:700px\">\n<p>El Ministerio de Salud P\u00fablica inform\u00f3 hoy la notificaci\u00f3n de tres defunciones y 1,508 nuevos casos por la Covid-19 las \u00faltimas 24 horas.<\/p>\n\n\n\n<p>A trav\u00e9s de su bolet\u00edn #680 la entidad rectora de la salud en Rep\u00fablica Dominicana indic\u00f3 que la positividad diaria es de 28.28%. Mientras, la letalidad es actualmente de 0.78%.<\/p>\n\n\n\n<p>Las pruebas procesadas por Salud P\u00fablica fueron de 9,235. De esta cantidad de pruebas, 350 son PCR y 8,885 son pruebas antig\u00e9nicas.<\/p>\n\n\n\n<p>En tanto, la ocupaci\u00f3n hospitalaria se encuentra en 517 ocupadas de 2,373 camas covid-19, es decir el 22% y 118 ventiladores en uso de 469 para un 25%.<\/p>\n\n\n\n<p>Asimismo, la ocupaci\u00f3n de la Unidad de Cuidados Intensivos (UCI) es de 208 de un total de 585 para el 36%.<\/p>\n\n\n\n<p>Los casos activos se\u00f1alados por Salud P\u00fablica se sit\u00faan en 39,986.<\/p>\n\n\n\n<p>El ministro de Educaci\u00f3n Superior, Ciencia y Tecnolog\u00eda, Franklin Garc\u00eda Ferm\u00edn, asegur\u00f3 que todas las universidades est\u00e1n preparadas para volver a la presencialidad.<\/p>\n\n\n\n<p>Garc\u00eda Ferm\u00edn se\u00f1ala que esto ser\u00e1 en caso de que el n\u00famero de contagios por la COVID-19 contin\u00fae bajando como ha sucediendo los \u00faltimos tres d\u00edas.<\/p>\n\n\n\n<p>Indic\u00f3 que en la asamblea de rectores junto a la Mescyt, acordaron mediante un consenso impartir docencia de manera semipresencial y con el sistema h\u00edbrido.<\/p>\n\n\n\n<p>Garc\u00eda Ferm\u00edn refiri\u00f3 al tema, luego de encabezar el deposit\u00f3 de una ofrenda floral en el Altar de la Patria con motivo de la conmemoraci\u00f3n del 209 aniversario del natalicio del fundador de la nacionalidad dominicana, Juan Pablo Duarte.<\/p>\n<\/div>\n<\/div>\n<\/div>\n<\/div>\n","protected":false},"excerpt":{"rendered":"<p>El Ministerio de Salud P\u00fablica inform\u00f3 hoy la notificaci\u00f3n de tres defunciones y 1,508 nuevos casos por la Covid-19 las \u00faltimas 24 horas. A trav\u00e9s de su bolet\u00edn #680 la&hellip; <\/p>\n","protected":false},"author":3,"featured_media":766,"comment_status":"closed","ping_status":"closed","sticky":false,"template":"","format":"standard","meta":{"footnotes":""},"categories":[25,22],"tags":[],"class_list":["post-6634","post","type-post","status-publish","format-standard","has-post-thumbnail","hentry","category-portada","category-salud"],"_links":{"self":[{"href":"https:\/\/lavozderd.com\/index.php?rest_route=\/wp\/v2\/posts\/6634","targetHints":{"allow":["GET"]}}],"collection":[{"href":"https:\/\/lavozderd.com\/index.php?rest_route=\/wp\/v2\/posts"}],"about":[{"href":"https:\/\/lavozderd.com\/index.php?rest_route=\/wp\/v2\/types\/post"}],"author":[{"embeddable":true,"href":"https:\/\/lavozderd.com\/index.php?rest_route=\/wp\/v2\/users\/3"}],"replies":[{"embeddable":true,"href":"https:\/\/lavozderd.com\/index.php?rest_route=%2Fwp%2Fv2%2Fcomments&post=6634"}],"version-history":[{"count":1,"href":"https:\/\/lavozderd.com\/index.php?rest_route=\/wp\/v2\/posts\/6634\/revisions"}],"predecessor-version":[{"id":6635,"href":"https:\/\/lavozderd.com\/index.php?rest_route=\/wp\/v2\/posts\/6634\/revisions\/6635"}],"wp:featuredmedia":[{"embeddable":true,"href":"https:\/\/lavozderd.com\/index.php?rest_route=\/wp\/v2\/media\/766"}],"wp:attachment":[{"href":"https:\/\/lavozderd.com\/index.php?rest_route=%2Fwp%2Fv2%2Fmedia&parent=6634"}],"wp:term":[{"taxonomy":"category","embeddable":true,"href":"https:\/\/lavozderd.com\/index.php?rest_route=%2Fwp%2Fv2%2Fcategories&post=6634"},{"taxonomy":"post_tag","embeddable":true,"href":"https:\/\/lavozderd.com\/index.php?rest_route=%2Fwp%2Fv2%2Ftags&post=6634"}],"curies":[{"name":"wp","href":"https:\/\/api.w.org\/{rel}","templated":true}]}}