{"id":6636,"date":"2022-01-28T11:02:30","date_gmt":"2022-01-28T16:02:30","guid":{"rendered":"https:\/\/lavozderd.com\/?p=6636"},"modified":"2022-01-28T11:02:34","modified_gmt":"2022-01-28T16:02:34","slug":"tyler-alexander-abrira-primer-partido-por-los-gigantes-frente-a-mexico","status":"publish","type":"post","link":"https:\/\/lavozderd.com\/?p=6636","title":{"rendered":"Tyler Alexander abrir\u00e1 primer partido por los Gigantes frente a M\u00e9xico"},"content":{"rendered":"\n<div class=\"wp-block-columns is-layout-flex wp-container-core-columns-is-layout-9d6595d7 wp-block-columns-is-layout-flex\">\n<div class=\"wp-block-column is-layout-flow wp-block-column-is-layout-flow\">\n<figure class=\"wp-block-image size-full is-resized\"><img decoding=\"async\" src=\"https:\/\/lavozderd.com\/wp-content\/uploads\/2022\/01\/Tyler-Alexxander.jpeg\" alt=\"\" class=\"wp-image-6637\" width=\"700\" srcset=\"https:\/\/lavozderd.com\/wp-content\/uploads\/2022\/01\/Tyler-Alexxander.jpeg 626w, https:\/\/lavozderd.com\/wp-content\/uploads\/2022\/01\/Tyler-Alexxander-300x200.jpeg 300w\" sizes=\"(max-width: 626px) 100vw, 626px\" \/><\/figure>\n\n\n\n<div class=\"wp-block-columns is-layout-flex wp-container-core-columns-is-layout-9d6595d7 wp-block-columns-is-layout-flex\">\n<div class=\"wp-block-column is-layout-flow wp-block-column-is-layout-flow\" style=\"flex-basis:700px\">\n<p>El lanzador zurdo Tyler Alexander ser\u00e1 el abridor del primer partido de la Serie del Caribe el viernes 28 de enero, cuando la Rep\u00fablica Dominicana enfrente a M\u00e9xico en la primera fecha del evento a las 8:00 de la noche.<\/p>\n\n\n\n<p>Alexander fue el abridor m\u00e1s estable de la rotaci\u00f3n de los Gigantes del Cibao en la pasada temporada invernal, terminando la serie regular con marca de 3-3 con efectividad de 2.75 en siete aperturas.<\/p>\n\n\n\n<p>En el todos contra todos y la serie final Alexander volvi\u00f3 a brillar siendo pieza clave en el campeonato del equipo, donde termin\u00f3 con marca de 2-0 en ambas etapas.<\/p>\n\n\n\n<p>El zurdo de 30 a\u00f1os de edad, ha sido parte del equipo Gigantes del Cibao desde el primer d\u00eda, incluso form\u00f3 parte de los entrenamientos previos al inicio del torneo.<\/p>\n<\/div>\n<\/div>\n<\/div>\n<\/div>\n\n\n\n<div class=\"wp-block-columns is-layout-flex wp-container-core-columns-is-layout-9d6595d7 wp-block-columns-is-layout-flex\">\n<div class=\"wp-block-column is-layout-flow wp-block-column-is-layout-flow\" style=\"flex-basis:700px\">\n<figure class=\"wp-block-table\"><table><tbody><tr><td>28 de&nbsp;enero<\/td><td>Vs&nbsp;M\u00e9xico<\/td><td>Tyler Alexander (Z)<\/td><\/tr><tr><td>29&nbsp;de&nbsp;enero<\/td><td>Vs&nbsp;Puerto Rico<\/td><td>Ra\u00fal Vald\u00e9s (Z)<\/td><\/tr><\/tbody><\/table><\/figure>\n\n\n\n<p>30 de enero&nbsp; &nbsp; &nbsp; &nbsp; &nbsp; &nbsp; &nbsp; &nbsp; &nbsp; &nbsp; &nbsp; &nbsp; &nbsp; &nbsp; &nbsp; &nbsp; &nbsp; &nbsp; &nbsp;Vs Panam\u00e1&nbsp; &nbsp; &nbsp; &nbsp; &nbsp; &nbsp; &nbsp; &nbsp; &nbsp; &nbsp; &nbsp; &nbsp; &nbsp; &nbsp;Yunesky Maya (D)<\/p>\n\n\n\n<p>31 de enero\u00a0 \u00a0 \u00a0 \u00a0 \u00a0 \u00a0 \u00a0 \u00a0 \u00a0 \u00a0 \u00a0 \u00a0 \u00a0 \u00a0 \u00a0 \u00a0 \u00a0 \u00a0 \u00a0Vs Colombia\u00a0 \u00a0\u00a0 \u00a0 \u00a0 \u00a0 \u00a0 \u00a0 \u00a0 \u00a0      Lisalverto Bonilla (D)\u00a0 \u00a0 \u00a0 \u00a0 \u00a0 \u00a0 \u00a0 \u00a0 \u00a0 \u00a0 \u00a0 \u00a0 \u00a0 \u00a0\u00a0<\/p>\n\n\n\n<p><\/p>\n<\/div>\n<\/div>\n","protected":false},"excerpt":{"rendered":"<p>El lanzador zurdo Tyler Alexander ser\u00e1 el abridor del primer partido de la Serie del Caribe el viernes 28 de enero, cuando la Rep\u00fablica Dominicana enfrente a M\u00e9xico en la&hellip; <\/p>\n","protected":false},"author":3,"featured_media":6637,"comment_status":"closed","ping_status":"closed","sticky":false,"template":"","format":"standard","meta":{"footnotes":""},"categories":[11],"tags":[],"class_list":["post-6636","post","type-post","status-publish","format-standard","has-post-thumbnail","hentry","category-deportes"],"_links":{"self":[{"href":"https:\/\/lavozderd.com\/index.php?rest_route=\/wp\/v2\/posts\/6636","targetHints":{"allow":["GET"]}}],"collection":[{"href":"https:\/\/lavozderd.com\/index.php?rest_route=\/wp\/v2\/posts"}],"about":[{"href":"https:\/\/lavozderd.com\/index.php?rest_route=\/wp\/v2\/types\/post"}],"author":[{"embeddable":true,"href":"https:\/\/lavozderd.com\/index.php?rest_route=\/wp\/v2\/users\/3"}],"replies":[{"embeddable":true,"href":"https:\/\/lavozderd.com\/index.php?rest_route=%2Fwp%2Fv2%2Fcomments&post=6636"}],"version-history":[{"count":1,"href":"https:\/\/lavozderd.com\/index.php?rest_route=\/wp\/v2\/posts\/6636\/revisions"}],"predecessor-version":[{"id":6638,"href":"https:\/\/lavozderd.com\/index.php?rest_route=\/wp\/v2\/posts\/6636\/revisions\/6638"}],"wp:featuredmedia":[{"embeddable":true,"href":"https:\/\/lavozderd.com\/index.php?rest_route=\/wp\/v2\/media\/6637"}],"wp:attachment":[{"href":"https:\/\/lavozderd.com\/index.php?rest_route=%2Fwp%2Fv2%2Fmedia&parent=6636"}],"wp:term":[{"taxonomy":"category","embeddable":true,"href":"https:\/\/lavozderd.com\/index.php?rest_route=%2Fwp%2Fv2%2Fcategories&post=6636"},{"taxonomy":"post_tag","embeddable":true,"href":"https:\/\/lavozderd.com\/index.php?rest_route=%2Fwp%2Fv2%2Ftags&post=6636"}],"curies":[{"name":"wp","href":"https:\/\/api.w.org\/{rel}","templated":true}]}}