{"id":6642,"date":"2022-01-28T11:23:41","date_gmt":"2022-01-28T16:23:41","guid":{"rendered":"https:\/\/lavozderd.com\/?p=6642"},"modified":"2022-01-28T11:23:46","modified_gmt":"2022-01-28T16:23:46","slug":"mujer-denuncia-vecina-la-agredio-por-vestimenta-con-que-limpiaba-las-escaleras","status":"publish","type":"post","link":"https:\/\/lavozderd.com\/?p=6642","title":{"rendered":"Mujer denuncia vecina la agredi\u00f3 por vestimenta con que limpiaba las escaleras"},"content":{"rendered":"\n<div class=\"wp-block-columns is-layout-flex wp-container-core-columns-is-layout-9d6595d7 wp-block-columns-is-layout-flex\">\n<div class=\"wp-block-column is-layout-flow wp-block-column-is-layout-flow\">\n<figure class=\"wp-block-image size-full is-resized\"><img decoding=\"async\" src=\"https:\/\/lavozderd.com\/wp-content\/uploads\/2022\/01\/Mujer-Agrede.jpg\" alt=\"\" class=\"wp-image-6643\" width=\"700\" \/><\/figure>\n<\/div>\n<\/div>\n\n\n\n<div class=\"wp-block-columns is-layout-flex wp-container-core-columns-is-layout-9d6595d7 wp-block-columns-is-layout-flex\">\n<div class=\"wp-block-column is-layout-flow wp-block-column-is-layout-flow\" style=\"flex-basis:700px\">\n<p>Una mujer denunci\u00f3 que una vecina que reside en su mismo edificio, subi\u00f3 hasta su apartamento a agredirla con su ni\u00f1a en brazos supuestamente por la vestimenta con que esta limpiaba las escaleras.<\/p>\n\n\n\n<p>La mujer grab\u00f3 el momento en que su vecina la atac\u00f3, lo difundi\u00f3 a trav\u00e9s de sus redes sociales y mostr\u00f3 fotos de los golpes tanto en su cuerpo como en el de su beb\u00e9, la puerta que esta rompi\u00f3 para acceder a ella.<\/p>\n\n\n\n<p>La agredida dijo adem\u00e1s que su agresora golpe\u00f3 a su hija de apenas meses, provoc\u00e1ndole moretones e hizo un llamado para que la Polic\u00eda Nacional tome cartas en el asunto.<\/p>\n\n\n\n<div class=\"wp-block-columns is-layout-flex wp-container-core-columns-is-layout-9d6595d7 wp-block-columns-is-layout-flex\">\n<div class=\"wp-block-column is-layout-flow wp-block-column-is-layout-flow\" style=\"flex-basis:700px\">\n<figure class=\"wp-block-image size-full is-resized\"><img decoding=\"async\" src=\"https:\/\/lavozderd.com\/wp-content\/uploads\/2022\/01\/Nina.jpeg\" alt=\"\" class=\"wp-image-6644\" width=\"700\" srcset=\"https:\/\/lavozderd.com\/wp-content\/uploads\/2022\/01\/Nina.jpeg 576w, https:\/\/lavozderd.com\/wp-content\/uploads\/2022\/01\/Nina-169x300.jpeg 169w\" sizes=\"(max-width: 576px) 100vw, 576px\" \/><\/figure>\n<\/div>\n<\/div>\n<\/div>\n<\/div>\n","protected":false},"excerpt":{"rendered":"<p>Una mujer denunci\u00f3 que una vecina que reside en su mismo edificio, subi\u00f3 hasta su apartamento a agredirla con su ni\u00f1a en brazos supuestamente por la vestimenta con que esta&hellip; <\/p>\n","protected":false},"author":3,"featured_media":6643,"comment_status":"closed","ping_status":"closed","sticky":false,"template":"","format":"standard","meta":{"footnotes":""},"categories":[18],"tags":[],"class_list":["post-6642","post","type-post","status-publish","format-standard","has-post-thumbnail","hentry","category-noticias"],"_links":{"self":[{"href":"https:\/\/lavozderd.com\/index.php?rest_route=\/wp\/v2\/posts\/6642","targetHints":{"allow":["GET"]}}],"collection":[{"href":"https:\/\/lavozderd.com\/index.php?rest_route=\/wp\/v2\/posts"}],"about":[{"href":"https:\/\/lavozderd.com\/index.php?rest_route=\/wp\/v2\/types\/post"}],"author":[{"embeddable":true,"href":"https:\/\/lavozderd.com\/index.php?rest_route=\/wp\/v2\/users\/3"}],"replies":[{"embeddable":true,"href":"https:\/\/lavozderd.com\/index.php?rest_route=%2Fwp%2Fv2%2Fcomments&post=6642"}],"version-history":[{"count":1,"href":"https:\/\/lavozderd.com\/index.php?rest_route=\/wp\/v2\/posts\/6642\/revisions"}],"predecessor-version":[{"id":6645,"href":"https:\/\/lavozderd.com\/index.php?rest_route=\/wp\/v2\/posts\/6642\/revisions\/6645"}],"wp:featuredmedia":[{"embeddable":true,"href":"https:\/\/lavozderd.com\/index.php?rest_route=\/wp\/v2\/media\/6643"}],"wp:attachment":[{"href":"https:\/\/lavozderd.com\/index.php?rest_route=%2Fwp%2Fv2%2Fmedia&parent=6642"}],"wp:term":[{"taxonomy":"category","embeddable":true,"href":"https:\/\/lavozderd.com\/index.php?rest_route=%2Fwp%2Fv2%2Fcategories&post=6642"},{"taxonomy":"post_tag","embeddable":true,"href":"https:\/\/lavozderd.com\/index.php?rest_route=%2Fwp%2Fv2%2Ftags&post=6642"}],"curies":[{"name":"wp","href":"https:\/\/api.w.org\/{rel}","templated":true}]}}