{"id":6659,"date":"2022-01-29T08:31:49","date_gmt":"2022-01-29T13:31:49","guid":{"rendered":"https:\/\/lavozderd.com\/?p=6659"},"modified":"2022-01-29T08:31:53","modified_gmt":"2022-01-29T13:31:53","slug":"para-motivar-la-vacunacion-en-ninos-contra-la-covid-19-salud-publica-realiza-panel-con-especialistas-en-pediatria","status":"publish","type":"post","link":"https:\/\/lavozderd.com\/?p=6659","title":{"rendered":"Para motivar la vacunaci\u00f3n en ni\u00f1os contra la COVID-19, Salud P\u00fablica realiza panel con especialistas en pediatr\u00eda"},"content":{"rendered":"\n<p><strong>presidencia.gob.do<\/strong><\/p>\n\n\n\n<div class=\"wp-block-columns is-layout-flex wp-container-core-columns-is-layout-9d6595d7 wp-block-columns-is-layout-flex\">\n<div class=\"wp-block-column is-layout-flow wp-block-column-is-layout-flow\">\n<figure class=\"wp-block-image size-large is-resized\"><img decoding=\"async\" src=\"https:\/\/lavozderd.com\/wp-content\/uploads\/2022\/01\/Para-motivar-la-vacunacion-en-ninos-contra-la-COVID-19-Salud-Publica-realiza-panel-con-especialistas-en-pediatria-1024x576.jpg\" alt=\"\" class=\"wp-image-6660\" width=\"700\" srcset=\"https:\/\/lavozderd.com\/wp-content\/uploads\/2022\/01\/Para-motivar-la-vacunacion-en-ninos-contra-la-COVID-19-Salud-Publica-realiza-panel-con-especialistas-en-pediatria-1024x576.jpg 1024w, https:\/\/lavozderd.com\/wp-content\/uploads\/2022\/01\/Para-motivar-la-vacunacion-en-ninos-contra-la-COVID-19-Salud-Publica-realiza-panel-con-especialistas-en-pediatria-300x169.jpg 300w, https:\/\/lavozderd.com\/wp-content\/uploads\/2022\/01\/Para-motivar-la-vacunacion-en-ninos-contra-la-COVID-19-Salud-Publica-realiza-panel-con-especialistas-en-pediatria-768x432.jpg 768w, https:\/\/lavozderd.com\/wp-content\/uploads\/2022\/01\/Para-motivar-la-vacunacion-en-ninos-contra-la-COVID-19-Salud-Publica-realiza-panel-con-especialistas-en-pediatria.jpg 1300w\" sizes=\"(max-width: 1024px) 100vw, 1024px\" \/><\/figure>\n<\/div>\n<\/div>\n\n\n\n<div class=\"wp-block-columns is-layout-flex wp-container-core-columns-is-layout-9d6595d7 wp-block-columns-is-layout-flex\">\n<div class=\"wp-block-column is-layout-flow wp-block-column-is-layout-flow\" style=\"flex-basis:700px\">\n<p>Santo Domingo. \u2013 Con la finalidad de motivar a la inoculaci\u00f3n de este segmento poblacional, el Ministerio de Salud P\u00fablica (MSP) realiz\u00f3 este viernes un panel entre especialistas del \u00e1rea de pediatr\u00eda, para tratar la situaci\u00f3n del COVID-19 en infantes menores de 12 a\u00f1os.<\/p>\n\n\n\n<p>Los m\u00e9dicos pediatras participantes acordaron que es necesario dar paso a la vacunaci\u00f3n contra el virus en ni\u00f1os y ni\u00f1as de 5 a 11 a\u00f1os, para evitar contagios, comorbilidades, infecciones y fallecimientos.<\/p>\n\n\n\n<p>El Doctor Luis Alam Lora, fundador de la Sociedad Dominicana de Pediatr\u00eda, manifest\u00f3 que el desarrollo de la pandemia el a\u00f1o pasado no impact\u00f3 tanto a los menores, pero luego de que fueron apareciendo las variantes el esquema cambi\u00f3.<\/p>\n\n\n\n<p>Dijo \u201cde cada 10 ni\u00f1os que yo recib\u00ed en mi consultorio seis estaban positivos al virus, lo que ha provocado cambios emocionales, como depresi\u00f3n ansiedad, falta de apetito, desnutrici\u00f3n y sobrepeso\u201d, puntualiz\u00f3.<\/p>\n\n\n\n<p>Aclar\u00f3 que la vacunaci\u00f3n es la oportunidad de comprimir y mitigar estos padecimientos, a ra\u00edz del virus, para reducir la enfermedad que causa.<\/p>\n\n\n\n<p>Sugiri\u00f3 que es hora de romper los prejuicios de incredulidad que est\u00e1n surgiendo en los padres para no ceder a la vacunaci\u00f3n, a trav\u00e9s de campa\u00f1as de concientizaci\u00f3n enfocada al tema.<\/p>\n\n\n\n<p>En tanto que el doctor Clemente Terrero, director del Hospital Dr. Robert Reid Cabral, resalt\u00f3 la importancia de la vacunaci\u00f3n en los peque\u00f1os, ya que los que reciban las dosis correspondientes y contraigan el virus probablemente no presenten un cuadro cl\u00ednico complicado de salud.<\/p>\n\n\n\n<p>\u201cPor esta raz\u00f3n los m\u00e9dicos debemos apoyar la vacunaci\u00f3n, para evitar las secuelas que deja el virus y la preocupaci\u00f3n de los padres; porque un ni\u00f1o enfermo es un descontrol en la salud mental de ellos\u201d.<\/p>\n\n\n\n<p>De su lado, la doctora Ada de los Santos, pediatra del Hospital Dr. Robert Reid Cabral, sugiri\u00f3 iniciar el proceso de inmunizaci\u00f3n en los peque\u00f1os lo m\u00e1s pronto posible, porque han tenido casos ingresados con complicaciones en beb\u00e9s menores de un a\u00f1o.<\/p>\n\n\n\n<p>Resalt\u00f3 que en los j\u00f3venes de 12 a\u00f1os que ya han sido inmunizados con sus dosis correspondientes ha surgido una significativa reducci\u00f3n de casos y menos complicaciones.<\/p>\n\n\n\n<p>Asimismo, la Coordinadora del \u00c1rea COVID, Ruth de la Cruz, se\u00f1al\u00f3 que en todo el 2021 se ingresaron 595 ni\u00f1os positivos al virus, pero en este a\u00f1o ya van 306 en edades de 6 a 11 a\u00f1os.<\/p>\n\n\n\n<p>\u201cReitero, no es una enfermedad leve en los ni\u00f1os, como muchos piensan; todo lo contrario, causa da\u00f1os hasta cognitivos. Por esta raz\u00f3n es el grupo poblacional que debe vacunarse con mayor seguridad\u201d.<\/p>\n\n\n\n<p>En tanto la doctora Gebnara Margarita Santana, m\u00e9dico pediatra del Hospital Infantil Doctor Arturo Grull\u00f3n de Santiago, consider\u00f3 que la poblaci\u00f3n tiene un concepto err\u00f3neo de los s\u00edntomas que produce la enfermedad en los ni\u00f1os, ya que esta puede inducir el s\u00edndrome multisist\u00e9mico que produce varias complicaciones y llega hasta a provocar la muerte.<\/p>\n\n\n\n<p>El director de la Direcci\u00f3n de Epidemiolog\u00eda, doctor Ronal Skewes, expres\u00f3 que despu\u00e9s de la aparici\u00f3n de la variante delta, hubo un aumento de casos en los menores de 20 a\u00f1os, pero luego de \u00f3micron los m\u00e1s afectados est\u00e1n siendo los menores hasta de un a\u00f1o.<\/p>\n\n\n\n<p>El encuentro fue realizado en el Sal\u00f3n Deydamia del Ministerio de Salud y estuvo dirigido por las doctoras Natalia Garc\u00eda, asesora de Salud del MSP, y Lissabel Guzm\u00e1n.<\/p>\n<\/div>\n<\/div>\n","protected":false},"excerpt":{"rendered":"<p>presidencia.gob.do Santo Domingo. \u2013 Con la finalidad de motivar a la inoculaci\u00f3n de este segmento poblacional, el Ministerio de Salud P\u00fablica (MSP) realiz\u00f3 este viernes un panel entre especialistas del&hellip; <\/p>\n","protected":false},"author":3,"featured_media":6660,"comment_status":"closed","ping_status":"closed","sticky":false,"template":"","format":"standard","meta":{"footnotes":""},"categories":[22],"tags":[],"class_list":["post-6659","post","type-post","status-publish","format-standard","has-post-thumbnail","hentry","category-salud"],"_links":{"self":[{"href":"https:\/\/lavozderd.com\/index.php?rest_route=\/wp\/v2\/posts\/6659","targetHints":{"allow":["GET"]}}],"collection":[{"href":"https:\/\/lavozderd.com\/index.php?rest_route=\/wp\/v2\/posts"}],"about":[{"href":"https:\/\/lavozderd.com\/index.php?rest_route=\/wp\/v2\/types\/post"}],"author":[{"embeddable":true,"href":"https:\/\/lavozderd.com\/index.php?rest_route=\/wp\/v2\/users\/3"}],"replies":[{"embeddable":true,"href":"https:\/\/lavozderd.com\/index.php?rest_route=%2Fwp%2Fv2%2Fcomments&post=6659"}],"version-history":[{"count":1,"href":"https:\/\/lavozderd.com\/index.php?rest_route=\/wp\/v2\/posts\/6659\/revisions"}],"predecessor-version":[{"id":6661,"href":"https:\/\/lavozderd.com\/index.php?rest_route=\/wp\/v2\/posts\/6659\/revisions\/6661"}],"wp:featuredmedia":[{"embeddable":true,"href":"https:\/\/lavozderd.com\/index.php?rest_route=\/wp\/v2\/media\/6660"}],"wp:attachment":[{"href":"https:\/\/lavozderd.com\/index.php?rest_route=%2Fwp%2Fv2%2Fmedia&parent=6659"}],"wp:term":[{"taxonomy":"category","embeddable":true,"href":"https:\/\/lavozderd.com\/index.php?rest_route=%2Fwp%2Fv2%2Fcategories&post=6659"},{"taxonomy":"post_tag","embeddable":true,"href":"https:\/\/lavozderd.com\/index.php?rest_route=%2Fwp%2Fv2%2Ftags&post=6659"}],"curies":[{"name":"wp","href":"https:\/\/api.w.org\/{rel}","templated":true}]}}