{"id":6667,"date":"2022-01-29T08:52:48","date_gmt":"2022-01-29T13:52:48","guid":{"rendered":"https:\/\/lavozderd.com\/?p=6667"},"modified":"2022-01-29T08:52:55","modified_gmt":"2022-01-29T13:52:55","slug":"ferreteria-que-vendia-arena-extraida-de-las-dunas-es-identificada","status":"publish","type":"post","link":"https:\/\/lavozderd.com\/?p=6667","title":{"rendered":"Ferreter\u00eda que vend\u00eda arena extra\u00edda de Las Dunas es identificada"},"content":{"rendered":"\n<div class=\"wp-block-columns is-layout-flex wp-container-core-columns-is-layout-9d6595d7 wp-block-columns-is-layout-flex\">\n<div class=\"wp-block-column is-layout-flow wp-block-column-is-layout-flow\">\n<figure class=\"wp-block-image size-large is-resized\"><img decoding=\"async\" src=\"https:\/\/lavozderd.com\/wp-content\/uploads\/2022\/01\/Ferreteri\u0301a-y-Transporte-El-Conquistador-1024x768.jpeg\" alt=\"\" class=\"wp-image-6668\" width=\"700\" srcset=\"https:\/\/lavozderd.com\/wp-content\/uploads\/2022\/01\/Ferreteri\u0301a-y-Transporte-El-Conquistador-1024x768.jpeg 1024w, https:\/\/lavozderd.com\/wp-content\/uploads\/2022\/01\/Ferreteri\u0301a-y-Transporte-El-Conquistador-300x225.jpeg 300w, https:\/\/lavozderd.com\/wp-content\/uploads\/2022\/01\/Ferreteri\u0301a-y-Transporte-El-Conquistador-768x576.jpeg 768w, https:\/\/lavozderd.com\/wp-content\/uploads\/2022\/01\/Ferreteri\u0301a-y-Transporte-El-Conquistador.jpeg 1080w\" sizes=\"(max-width: 1024px) 100vw, 1024px\" \/><\/figure>\n\n\n\n<div class=\"wp-block-columns is-layout-flex wp-container-core-columns-is-layout-9d6595d7 wp-block-columns-is-layout-flex\">\n<div class=\"wp-block-column is-layout-flow wp-block-column-is-layout-flow\" style=\"flex-basis:700px\">\n<p>El Ministerio de Medio Ambiente y Recursos Na\u00adturales interpuso una que\u00adrella contra el propietario de la Ferreter\u00eda y Transpor\u00adte El Conquistador, Santo Valerio Franco Guzm\u00e1n, a quien acusa de comercia\u00adlizar arena del \u00e1rea prote\u00adgida de Las Dunas, de Ban\u00ed.<\/p>\n\n\n\n<p>Asimismo, a trav\u00e9s de una resoluci\u00f3n, Medio Am\u00adbiente orden\u00f3 la paraliza\u00adci\u00f3n y cierre inmediato de las actividades del centro de acopio de extracci\u00f3n y transporte de material y el dep\u00f3sito ilegal de material de agregados de esta ferre\u00adter\u00eda, ubicada en el sector Santa Cruz, de la ciudad sure\u00f1a.<\/p>\n\n\n\n<p>En este centro, que no cuenta con la autorizaci\u00f3n ambiental para esta activi\u00addad, fueron encontrados, aproximadamente, 32 pi\u00adlas de arena, equivalentes a aproximadamente 500 metros c\u00fabicos que, seg\u00fan un informes de inteligen\u00adcia, fueron extra\u00eddos de Las Dunas.<\/p>\n\n\n\n<p>El ministro, Orlando Jorge Mera, se\u00f1al\u00f3 que esta acci\u00f3n judicial es, apenas, el inicio y asegu\u00adr\u00f3 que est\u00e1n combatien\u00addo mafias que, durante muchos a\u00f1os, \u201chan vivi\u00addo del favoritismo pol\u00ed\u00adtico y militar en el pasa\u00addo\u201d, y reiter\u00f3 que en esta administraci\u00f3n, \u201cno hay ni habr\u00e1 impunidad am\u00adbiental\u201d.<\/p>\n\n\n\n<p>El ministro orden\u00f3 la incautaci\u00f3n de la arena y dispuso su devoluci\u00f3n a Las Dunas. El propietario de la ferreteria, Santo Valerio Franco, deber\u00e1 devolver la arena en un plazo de cinco d\u00edas, con un plan de retorno de material de agregado.<\/p>\n<\/div>\n<\/div>\n<\/div>\n<\/div>\n","protected":false},"excerpt":{"rendered":"<p>El Ministerio de Medio Ambiente y Recursos Na\u00adturales interpuso una que\u00adrella contra el propietario de la Ferreter\u00eda y Transpor\u00adte El Conquistador, Santo Valerio Franco Guzm\u00e1n, a quien acusa de comercia\u00adlizar&hellip; <\/p>\n","protected":false},"author":3,"featured_media":6668,"comment_status":"closed","ping_status":"closed","sticky":false,"template":"","format":"standard","meta":{"footnotes":""},"categories":[18],"tags":[],"class_list":["post-6667","post","type-post","status-publish","format-standard","has-post-thumbnail","hentry","category-noticias"],"_links":{"self":[{"href":"https:\/\/lavozderd.com\/index.php?rest_route=\/wp\/v2\/posts\/6667","targetHints":{"allow":["GET"]}}],"collection":[{"href":"https:\/\/lavozderd.com\/index.php?rest_route=\/wp\/v2\/posts"}],"about":[{"href":"https:\/\/lavozderd.com\/index.php?rest_route=\/wp\/v2\/types\/post"}],"author":[{"embeddable":true,"href":"https:\/\/lavozderd.com\/index.php?rest_route=\/wp\/v2\/users\/3"}],"replies":[{"embeddable":true,"href":"https:\/\/lavozderd.com\/index.php?rest_route=%2Fwp%2Fv2%2Fcomments&post=6667"}],"version-history":[{"count":1,"href":"https:\/\/lavozderd.com\/index.php?rest_route=\/wp\/v2\/posts\/6667\/revisions"}],"predecessor-version":[{"id":6669,"href":"https:\/\/lavozderd.com\/index.php?rest_route=\/wp\/v2\/posts\/6667\/revisions\/6669"}],"wp:featuredmedia":[{"embeddable":true,"href":"https:\/\/lavozderd.com\/index.php?rest_route=\/wp\/v2\/media\/6668"}],"wp:attachment":[{"href":"https:\/\/lavozderd.com\/index.php?rest_route=%2Fwp%2Fv2%2Fmedia&parent=6667"}],"wp:term":[{"taxonomy":"category","embeddable":true,"href":"https:\/\/lavozderd.com\/index.php?rest_route=%2Fwp%2Fv2%2Fcategories&post=6667"},{"taxonomy":"post_tag","embeddable":true,"href":"https:\/\/lavozderd.com\/index.php?rest_route=%2Fwp%2Fv2%2Ftags&post=6667"}],"curies":[{"name":"wp","href":"https:\/\/api.w.org\/{rel}","templated":true}]}}