{"id":6682,"date":"2022-01-31T07:03:08","date_gmt":"2022-01-31T12:03:08","guid":{"rendered":"https:\/\/lavozderd.com\/?p=6682"},"modified":"2022-01-31T07:03:11","modified_gmt":"2022-01-31T12:03:11","slug":"secretario-general-del-prm-en-ny-califica-de-historica-creacion-de-secretaria-del-dominicano-en-el-exterior","status":"publish","type":"post","link":"https:\/\/lavozderd.com\/?p=6682","title":{"rendered":"Secretario General del PRM en NY califica de hist\u00f3rica creaci\u00f3n de Secretar\u00eda del Dominicano en el Exterior"},"content":{"rendered":"\n<p><strong>Miguel Cruz Tejada<\/strong><\/p>\n\n\n\n<div class=\"wp-block-columns is-layout-flex wp-container-core-columns-is-layout-9d6595d7 wp-block-columns-is-layout-flex\">\n<div class=\"wp-block-column is-layout-flow wp-block-column-is-layout-flow\" style=\"flex-basis:700px\">\n<figure class=\"wp-block-image size-large is-resized\"><img decoding=\"async\" src=\"https:\/\/lavozderd.com\/wp-content\/uploads\/2022\/01\/thumbnail_Secretario-General-del-PRM-en-NY-califica-de-historico-1024x591.jpg\" alt=\"\" class=\"wp-image-6683\" width=\"700\" srcset=\"https:\/\/lavozderd.com\/wp-content\/uploads\/2022\/01\/thumbnail_Secretario-General-del-PRM-en-NY-califica-de-historico-1024x591.jpg 1024w, https:\/\/lavozderd.com\/wp-content\/uploads\/2022\/01\/thumbnail_Secretario-General-del-PRM-en-NY-califica-de-historico-300x173.jpg 300w, https:\/\/lavozderd.com\/wp-content\/uploads\/2022\/01\/thumbnail_Secretario-General-del-PRM-en-NY-califica-de-historico-768x444.jpg 768w, https:\/\/lavozderd.com\/wp-content\/uploads\/2022\/01\/thumbnail_Secretario-General-del-PRM-en-NY-califica-de-historico.jpg 1269w\" sizes=\"(max-width: 1024px) 100vw, 1024px\" \/><figcaption>NUEVA YORK._ El secretario general de la seccional del PRM, ingeniero Jhon S\u00e1nchez, califica de hist\u00f3rica la creaci\u00f3n de la Secretar\u00eda del Dominicano en el Exterior. (Foto Miguel Cruz Tejada),<\/figcaption><\/figure>\n\n\n\n<div class=\"wp-block-columns is-layout-flex wp-container-core-columns-is-layout-9d6595d7 wp-block-columns-is-layout-flex\">\n<div class=\"wp-block-column is-layout-flow wp-block-column-is-layout-flow\" style=\"flex-basis:700px\">\n<p>NUEVA YORK._ El secretario general de la seccional del PRM en esta ciudad, ingeniero Jhon S\u00e1nchez, calific\u00f3 de hist\u00f3rica la creaci\u00f3n de la Secretar\u00eda del Dominicano en el Exterior del partido aprobada este domingo 30 de enero 2022 en la convenci\u00f3n celebrada en Santo Domingo, Rep\u00fablica Dominicana.<\/p>\n\n\n\n<p>S\u00e1nchez, quien es el director del Instituto del Dominicano en el Exterior (INDEX), dependencia de la canciller\u00eda, represent\u00f3 junto al presidente de la seccional, Neftal\u00ed Fuerte a la seccional como delegado en la convenci\u00f3n en la que los perreme\u00edstas aprobaron otras varias reformas importantes entre ellas darle luz verde al presidente Abinader para que opte o no por la reelecci\u00f3n en 2024.<\/p>\n\n\n\n<p>\u201cNosotros estamos muy contentos de participar en la convenci\u00f3n y de que a las seccionales se les haya creado la Secretar\u00eda del Dominicano en el Exterior, lo que es un gran logro por el que ven\u00edamos luchando y se ha hecho realidad\u201d, agreg\u00f3 S\u00e1nchez.<\/p>\n\n\n\n<p>Explic\u00f3 que tambi\u00e9n estuvo de acuerdo con la eliminaci\u00f3n de la direcci\u00f3n internacional porque no ten\u00eda sentido que hubiera una direcci\u00f3n por encima del partido a nivel nacional.<\/p>\n\n\n\n<p>Dijo que la nueva secretar\u00eda tendr\u00e1 un solo director y sede en el exterior lo que se logra por primera vez en la historia de los dominicanos en ultramar que deber\u00e1 residir en el exterior,<\/p>\n\n\n\n<p>A\u00f1adi\u00f3 que el papel de la secretar\u00eda del dominicano en el exterior va a ser representar a los dominicanos en la di\u00e1spora desde la estructura partidaria.<\/p>\n\n\n\n<p>\u201cEsa representaci\u00f3n ser\u00e1 ante los organismos del partido y el encargado tendr\u00e1 que jugar un rol muy importante representante a los dominicanos en el exterior y pelear por nosotros a todos los niveles para que nos fortalezcamos\u201d, se\u00f1al\u00f3 S\u00e1nchez.<\/p>\n\n\n\n<p>\u201cVa a tener sede en el exterior, lo que se aprob\u00f3 en los estatutos, es hist\u00f3rico y qued\u00f3 claro que la persona que dirija la secretar\u00eda tiene que residir en el exterior\u201d, dijo.<\/p>\n\n\n\n<p>Resalt\u00f3 la decisi\u00f3n de los delegados de darle luz verde a Abinader respecto a la reelecci\u00f3n, diciendo que con ello, se asegura el apoyo total del PRM a la repostulaci\u00f3n del mandatario en 2024.<\/p>\n\n\n\n<p>\u201cEstamos muy contentos de que se haya eliminado la barrera de la no reelecci\u00f3n lo que asegura que el presidente podr\u00e1 reelegirse sin ning\u00fan obst\u00e1culo del partido\u201d, sostuvo.<\/p>\n\n\n\n<p>Tambi\u00e9n alab\u00f3 el discurso de Abinader en el que le garantiz\u00f3 al pa\u00eds que la planta El\u00e9ctrica de Punta Catalina no ser\u00e1 privatizada mientras sea presidente, y pidi\u00f3 al<\/p>\n\n\n\n<p>congreso no aprobar el fidecomiso propuesto para incluir inversi\u00f3n privada en ese proyecto.<\/p>\n\n\n\n<p>\u201cEl presidente tiene un equipo de asesores expertos en esa materia los que entienden y el presidente tambi\u00e9n que el estado debe seguir al frente del manejo de esa empresa\u201d, precis\u00f3,<\/p>\n\n\n\n<p>\u201cVemos muy bien que el presidente haya decidido no privatizar a Punta Catalina\u201d, dijo S\u00e1nchez.<\/p>\n<\/div>\n<\/div>\n<\/div>\n<\/div>\n","protected":false},"excerpt":{"rendered":"<p>Miguel Cruz Tejada NUEVA YORK._ El secretario general de la seccional del PRM en esta ciudad, ingeniero Jhon S\u00e1nchez, calific\u00f3 de hist\u00f3rica la creaci\u00f3n de la Secretar\u00eda del Dominicano en&hellip; <\/p>\n","protected":false},"author":3,"featured_media":6683,"comment_status":"closed","ping_status":"closed","sticky":false,"template":"","format":"standard","meta":{"footnotes":""},"categories":[20],"tags":[],"class_list":["post-6682","post","type-post","status-publish","format-standard","has-post-thumbnail","hentry","category-internacionales"],"_links":{"self":[{"href":"https:\/\/lavozderd.com\/index.php?rest_route=\/wp\/v2\/posts\/6682","targetHints":{"allow":["GET"]}}],"collection":[{"href":"https:\/\/lavozderd.com\/index.php?rest_route=\/wp\/v2\/posts"}],"about":[{"href":"https:\/\/lavozderd.com\/index.php?rest_route=\/wp\/v2\/types\/post"}],"author":[{"embeddable":true,"href":"https:\/\/lavozderd.com\/index.php?rest_route=\/wp\/v2\/users\/3"}],"replies":[{"embeddable":true,"href":"https:\/\/lavozderd.com\/index.php?rest_route=%2Fwp%2Fv2%2Fcomments&post=6682"}],"version-history":[{"count":1,"href":"https:\/\/lavozderd.com\/index.php?rest_route=\/wp\/v2\/posts\/6682\/revisions"}],"predecessor-version":[{"id":6684,"href":"https:\/\/lavozderd.com\/index.php?rest_route=\/wp\/v2\/posts\/6682\/revisions\/6684"}],"wp:featuredmedia":[{"embeddable":true,"href":"https:\/\/lavozderd.com\/index.php?rest_route=\/wp\/v2\/media\/6683"}],"wp:attachment":[{"href":"https:\/\/lavozderd.com\/index.php?rest_route=%2Fwp%2Fv2%2Fmedia&parent=6682"}],"wp:term":[{"taxonomy":"category","embeddable":true,"href":"https:\/\/lavozderd.com\/index.php?rest_route=%2Fwp%2Fv2%2Fcategories&post=6682"},{"taxonomy":"post_tag","embeddable":true,"href":"https:\/\/lavozderd.com\/index.php?rest_route=%2Fwp%2Fv2%2Ftags&post=6682"}],"curies":[{"name":"wp","href":"https:\/\/api.w.org\/{rel}","templated":true}]}}