{"id":6720,"date":"2022-01-31T16:15:28","date_gmt":"2022-01-31T21:15:28","guid":{"rendered":"https:\/\/lavozderd.com\/?p=6720"},"modified":"2022-01-31T16:15:35","modified_gmt":"2022-01-31T21:15:35","slug":"la-entrada-y-salida-que-dan-acceso-a-la-carcel-de-la-victoria-son-prohibidas","status":"publish","type":"post","link":"https:\/\/lavozderd.com\/?p=6720","title":{"rendered":"La entrada y salida que dan acceso a la c\u00e1rcel de La Victoria son Proh\u00edbidas"},"content":{"rendered":"\n<div class=\"wp-block-columns is-layout-flex wp-container-core-columns-is-layout-9d6595d7 wp-block-columns-is-layout-flex\">\n<div class=\"wp-block-column is-layout-flow wp-block-column-is-layout-flow\">\n<figure class=\"wp-block-image size-full is-resized\"><img decoding=\"async\" src=\"https:\/\/lavozderd.com\/wp-content\/uploads\/2022\/01\/La-entrada-y-salida-que-dan-acceso-a-la-carcel-de-La-Victoria-son-Prohibidas.jpeg\" alt=\"\" class=\"wp-image-6721\" width=\"700\" \/><\/figure>\n\n\n\n<div class=\"wp-block-columns is-layout-flex wp-container-core-columns-is-layout-9d6595d7 wp-block-columns-is-layout-flex\">\n<div class=\"wp-block-column is-layout-flow wp-block-column-is-layout-flow\" style=\"flex-basis:700px\">\n<p>Miembros del Ej\u00e9rcito de Rep\u00fablica Dominicana se apostaron en las principales v\u00edas que dan acceso a la c\u00e1rcel de La Victoria, prohibiendo la entrada y salida de las personas, algunas de ellos que van a sus hogares o negocios.<\/p>\n\n\n\n<p>Igualmente los polic\u00edas que est\u00e1n de puestos en el penal fueron sacados y colocados pr\u00f3ximo a donde est\u00e1n los miembros del Ej\u00e9rcito.<\/p>\n\n\n\n<p>Mientras contin\u00faan requisando las celdas del penal en busca de arma de fuego, celulares, droga y objetos cortantes.<\/p>\n\n\n\n<p>Es la primera vez que el Ej\u00e9rcito interviene la c\u00e1rcel de La Victoria.<\/p>\n\n\n\n<p>&nbsp;Sin ser d\u00eda de visita, ya que es mi\u00e9rcoles y domingos, varias personas est\u00e1n en la entrada con la intenci\u00f3n de ver a sus parientes recluidos en esta c\u00e1rcel. &nbsp;<\/p>\n<\/div>\n<\/div>\n<\/div>\n<\/div>\n","protected":false},"excerpt":{"rendered":"<p>Miembros del Ej\u00e9rcito de Rep\u00fablica Dominicana se apostaron en las principales v\u00edas que dan acceso a la c\u00e1rcel de La Victoria, prohibiendo la entrada y salida de las personas, algunas&hellip; <\/p>\n","protected":false},"author":3,"featured_media":0,"comment_status":"closed","ping_status":"closed","sticky":false,"template":"","format":"standard","meta":{"footnotes":""},"categories":[18,25],"tags":[],"class_list":["post-6720","post","type-post","status-publish","format-standard","hentry","category-noticias","category-portada"],"_links":{"self":[{"href":"https:\/\/lavozderd.com\/index.php?rest_route=\/wp\/v2\/posts\/6720","targetHints":{"allow":["GET"]}}],"collection":[{"href":"https:\/\/lavozderd.com\/index.php?rest_route=\/wp\/v2\/posts"}],"about":[{"href":"https:\/\/lavozderd.com\/index.php?rest_route=\/wp\/v2\/types\/post"}],"author":[{"embeddable":true,"href":"https:\/\/lavozderd.com\/index.php?rest_route=\/wp\/v2\/users\/3"}],"replies":[{"embeddable":true,"href":"https:\/\/lavozderd.com\/index.php?rest_route=%2Fwp%2Fv2%2Fcomments&post=6720"}],"version-history":[{"count":1,"href":"https:\/\/lavozderd.com\/index.php?rest_route=\/wp\/v2\/posts\/6720\/revisions"}],"predecessor-version":[{"id":6722,"href":"https:\/\/lavozderd.com\/index.php?rest_route=\/wp\/v2\/posts\/6720\/revisions\/6722"}],"wp:attachment":[{"href":"https:\/\/lavozderd.com\/index.php?rest_route=%2Fwp%2Fv2%2Fmedia&parent=6720"}],"wp:term":[{"taxonomy":"category","embeddable":true,"href":"https:\/\/lavozderd.com\/index.php?rest_route=%2Fwp%2Fv2%2Fcategories&post=6720"},{"taxonomy":"post_tag","embeddable":true,"href":"https:\/\/lavozderd.com\/index.php?rest_route=%2Fwp%2Fv2%2Ftags&post=6720"}],"curies":[{"name":"wp","href":"https:\/\/api.w.org\/{rel}","templated":true}]}}