{"id":6766,"date":"2022-02-01T03:00:00","date_gmt":"2022-02-01T08:00:00","guid":{"rendered":"https:\/\/lavozderd.com\/?p=6766"},"modified":"2022-02-01T09:37:29","modified_gmt":"2022-02-01T14:37:29","slug":"el-boletin-epidemiologico-684-reportan-tres-personas-fallecidas-y-1275-infectados","status":"publish","type":"post","link":"https:\/\/lavozderd.com\/?p=6766","title":{"rendered":"El bolet\u00edn epidemiol\u00f3gico 684 reportan tres personas fallecidas y 1,275 infectados"},"content":{"rendered":"\n<div class=\"wp-block-columns is-layout-flex wp-container-core-columns-is-layout-9d6595d7 wp-block-columns-is-layout-flex\">\n<div class=\"wp-block-column is-layout-flow wp-block-column-is-layout-flow\">\n<figure class=\"wp-block-image size-full is-resized\"><img decoding=\"async\" src=\"https:\/\/lavozderd.com\/wp-content\/uploads\/2021\/09\/Prueba-COVID.png\" alt=\"\" class=\"wp-image-766\" width=\"700\" srcset=\"https:\/\/lavozderd.com\/wp-content\/uploads\/2021\/09\/Prueba-COVID.png 811w, https:\/\/lavozderd.com\/wp-content\/uploads\/2021\/09\/Prueba-COVID-300x166.png 300w, https:\/\/lavozderd.com\/wp-content\/uploads\/2021\/09\/Prueba-COVID-768x425.png 768w\" sizes=\"(max-width: 811px) 100vw, 811px\" \/><\/figure>\n<\/div>\n<\/div>\n\n\n\n<div class=\"wp-block-columns is-layout-flex wp-container-core-columns-is-layout-9d6595d7 wp-block-columns-is-layout-flex\">\n<div class=\"wp-block-column is-layout-flow wp-block-column-is-layout-flow\" style=\"flex-basis:700px\">\n<p>Por causa del covid-19, se registraron tres personas fallecidas y 1,275 casos nuevos detectados en 6,789 muestras procesadas por primera vez, bajando la positividad diaria a 18.78, inform\u00f3 el Ministerio de Salud P\u00fablica.<\/p>\n\n\n\n<p>Aclar\u00f3 en el bolet\u00edn epidemiol\u00f3gico 684 que los decesos no ocurrieron en las \u00faltimas 24 horas que ya suman 4,310 las defunciones de las que el 23.48% padec\u00eda de hipertensi\u00f3n y el 14.69% de diabetes con una letalidad de 0.77%.<\/p>\n\n\n\n<p>Indic\u00f3 que los infectados que tienen activos el virus son 5,944 mientras que los registrados suman 556,520 de los que 546,266 se han recuperados y 2,402,572 han sido descartados.<\/p>\n\n\n\n<p>Te puede interesar leer: Reportan otros 1,193 contagios por la covid<\/p>\n\n\n\n<p>Del registro de contagiados, 63,025 corresponden a menores de 20 a\u00f1os; 2,268 a trabajadores de la salud y 1,820 a mujeres embarazadas.<\/p>\n\n\n\n<p>Se\u00f1al\u00f3 que el total de pruebas anticovid realizadas ayer, fueron 12,219 de las que 5,430 fueron de manera subsecuentes y la positividad de las \u00faltimas cuatro semanas se coloc\u00f3 en 28.54%.<\/p>\n\n\n\n<p>La ocupaci\u00f3n hospitalaria por coronavirus del sector p\u00fablico se coloc\u00f3 en 16% con 382 camas ocupadas de las 2,373 disponibles para atender a infectados del covid-19, seg\u00fan datos del Ministerio de Salud P\u00fablica.<br>De la disponibilidad de camas, 585 fueron habilitadas en unidades de cuidados intensivos, de las que 178 est\u00e1n ocupadas por pacientes en estado de gravedad, equivalente al 30%.<\/p>\n\n\n\n<p>Mientras que conectados a ventiladores est\u00e1 el 23% de los enfermos que requieren respiraci\u00f3n artificial, usando 106 de los 469 ventiladores disponibles en esa \u00e1rea covid-19.<\/p>\n<\/div>\n<\/div>\n","protected":false},"excerpt":{"rendered":"<p>Por causa del covid-19, se registraron tres personas fallecidas y 1,275 casos nuevos detectados en 6,789 muestras procesadas por primera vez, bajando la positividad diaria a 18.78, inform\u00f3 el Ministerio&hellip; <\/p>\n","protected":false},"author":3,"featured_media":766,"comment_status":"closed","ping_status":"closed","sticky":false,"template":"","format":"standard","meta":{"footnotes":""},"categories":[25,22],"tags":[],"class_list":["post-6766","post","type-post","status-publish","format-standard","has-post-thumbnail","hentry","category-portada","category-salud"],"_links":{"self":[{"href":"https:\/\/lavozderd.com\/index.php?rest_route=\/wp\/v2\/posts\/6766","targetHints":{"allow":["GET"]}}],"collection":[{"href":"https:\/\/lavozderd.com\/index.php?rest_route=\/wp\/v2\/posts"}],"about":[{"href":"https:\/\/lavozderd.com\/index.php?rest_route=\/wp\/v2\/types\/post"}],"author":[{"embeddable":true,"href":"https:\/\/lavozderd.com\/index.php?rest_route=\/wp\/v2\/users\/3"}],"replies":[{"embeddable":true,"href":"https:\/\/lavozderd.com\/index.php?rest_route=%2Fwp%2Fv2%2Fcomments&post=6766"}],"version-history":[{"count":1,"href":"https:\/\/lavozderd.com\/index.php?rest_route=\/wp\/v2\/posts\/6766\/revisions"}],"predecessor-version":[{"id":6767,"href":"https:\/\/lavozderd.com\/index.php?rest_route=\/wp\/v2\/posts\/6766\/revisions\/6767"}],"wp:featuredmedia":[{"embeddable":true,"href":"https:\/\/lavozderd.com\/index.php?rest_route=\/wp\/v2\/media\/766"}],"wp:attachment":[{"href":"https:\/\/lavozderd.com\/index.php?rest_route=%2Fwp%2Fv2%2Fmedia&parent=6766"}],"wp:term":[{"taxonomy":"category","embeddable":true,"href":"https:\/\/lavozderd.com\/index.php?rest_route=%2Fwp%2Fv2%2Fcategories&post=6766"},{"taxonomy":"post_tag","embeddable":true,"href":"https:\/\/lavozderd.com\/index.php?rest_route=%2Fwp%2Fv2%2Ftags&post=6766"}],"curies":[{"name":"wp","href":"https:\/\/api.w.org\/{rel}","templated":true}]}}